{"id":8557,"date":"2023-01-09T19:39:07","date_gmt":"2023-01-09T19:39:07","guid":{"rendered":"https:\/\/drtcapurimac.gob.pe\/portal\/?p=8557"},"modified":"2023-01-09T19:39:08","modified_gmt":"2023-01-09T19:39:08","slug":"ing-victor-raul-silvera-asume-funciones-como-director-regional-de-transportes-y-comunicaciones-de-apurimac","status":"publish","type":"post","link":"https:\/\/drtcapurimac.gob.pe\/portal\/ing-victor-raul-silvera-asume-funciones-como-director-regional-de-transportes-y-comunicaciones-de-apurimac\/","title":{"rendered":"Ing. V\u00edctor Ra\u00fal Silvera asume funciones como Director Regional de Transportes y Comunicaciones de Apur\u00edmac."},"content":{"rendered":"\n<figure class=\"wp-block-image size-large\"><img loading=\"lazy\" decoding=\"async\" width=\"1024\" height=\"1024\" src=\"https:\/\/drtcapurimac.gob.pe\/portal\/wp-content\/uploads\/2023\/01\/323424678_534645481960320_3448834472628141337_n-1024x1024.jpg\" alt=\"\" class=\"wp-image-8558\" srcset=\"https:\/\/drtcapurimac.gob.pe\/portal\/wp-content\/uploads\/2023\/01\/323424678_534645481960320_3448834472628141337_n-1024x1024.jpg 1024w, https:\/\/drtcapurimac.gob.pe\/portal\/wp-content\/uploads\/2023\/01\/323424678_534645481960320_3448834472628141337_n-300x300.jpg 300w, https:\/\/drtcapurimac.gob.pe\/portal\/wp-content\/uploads\/2023\/01\/323424678_534645481960320_3448834472628141337_n-150x150.jpg 150w, https:\/\/drtcapurimac.gob.pe\/portal\/wp-content\/uploads\/2023\/01\/323424678_534645481960320_3448834472628141337_n-768x767.jpg 768w, https:\/\/drtcapurimac.gob.pe\/portal\/wp-content\/uploads\/2023\/01\/323424678_534645481960320_3448834472628141337_n.jpg 1280w\" sizes=\"auto, (max-width: 1024px) 100vw, 1024px\" \/><\/figure>\n","protected":false},"excerpt":{"rendered":"","protected":false},"author":2,"featured_media":8558,"comment_status":"closed","ping_status":"open","sticky":false,"template":"","format":"standard","meta":{"footnotes":""},"categories":[16],"tags":[],"class_list":["post-8557","post","type-post","status-publish","format-standard","has-post-thumbnail","hentry","category-noticias"],"_links":{"self":[{"href":"https:\/\/drtcapurimac.gob.pe\/portal\/wp-json\/wp\/v2\/posts\/8557","targetHints":{"allow":["GET"]}}],"collection":[{"href":"https:\/\/drtcapurimac.gob.pe\/portal\/wp-json\/wp\/v2\/posts"}],"about":[{"href":"https:\/\/drtcapurimac.gob.pe\/portal\/wp-json\/wp\/v2\/types\/post"}],"author":[{"embeddable":true,"href":"https:\/\/drtcapurimac.gob.pe\/portal\/wp-json\/wp\/v2\/users\/2"}],"replies":[{"embeddable":true,"href":"https:\/\/drtcapurimac.gob.pe\/portal\/wp-json\/wp\/v2\/comments?post=8557"}],"version-history":[{"count":1,"href":"https:\/\/drtcapurimac.gob.pe\/portal\/wp-json\/wp\/v2\/posts\/8557\/revisions"}],"predecessor-version":[{"id":8559,"href":"https:\/\/drtcapurimac.gob.pe\/portal\/wp-json\/wp\/v2\/posts\/8557\/revisions\/8559"}],"wp:featuredmedia":[{"embeddable":true,"href":"https:\/\/drtcapurimac.gob.pe\/portal\/wp-json\/wp\/v2\/media\/8558"}],"wp:attachment":[{"href":"https:\/\/drtcapurimac.gob.pe\/portal\/wp-json\/wp\/v2\/media?parent=8557"}],"wp:term":[{"taxonomy":"category","embeddable":true,"href":"https:\/\/drtcapurimac.gob.pe\/portal\/wp-json\/wp\/v2\/categories?post=8557"},{"taxonomy":"post_tag","embeddable":true,"href":"https:\/\/drtcapurimac.gob.pe\/portal\/wp-json\/wp\/v2\/tags?post=8557"}],"curies":[{"name":"wp","href":"https:\/\/api.w.org\/{rel}","templated":true}]}}