{"id":8549,"date":"2023-01-09T19:38:12","date_gmt":"2023-01-09T19:38:12","guid":{"rendered":"https:\/\/drtcapurimac.gob.pe\/portal\/?p=8549"},"modified":"2023-01-09T19:38:12","modified_gmt":"2023-01-09T19:38:12","slug":"gobernador-regional-percy-godoy-medina-designa-nuevo-director-regional-de-transportes-y-comunicaciones-de-apurimac","status":"publish","type":"post","link":"https:\/\/drtcapurimac.gob.pe\/portal\/gobernador-regional-percy-godoy-medina-designa-nuevo-director-regional-de-transportes-y-comunicaciones-de-apurimac\/","title":{"rendered":"Gobernador Regional Percy Godoy Medina designa nuevo Director Regional de Transportes y Comunicaciones de Apur\u00edmac."},"content":{"rendered":"\n<p>Teniendo como escenario las instalaciones de la DRTC &#8211; Apur\u00edmac y en representaci\u00f3n del sindicato de trabajadores de la Direcci\u00f3n Regional de Transportes, hizo uso de la palabra el profesor Agust\u00edn Guevara Avalos responsable de Educaci\u00f3n y Seguridad Vial, quien saludo la presencia del gobernador regional, funcionarios y dem\u00e1s autoridades presentes, asimismo augur\u00f3 \u00e9xitos al nuevo director regional de transportes durante su gesti\u00f3n y ratifico su compromiso de trabajar de la mano para seguir siendo la instituci\u00f3n l\u00edder que busca el desarrollo de la regi\u00f3n. <\/p>\n\n\n\n<p>De otro lado con el prop\u00f3sito de afianzar el trabajo en equipo a nivel regional, el Gobernador de Apur\u00edmac Percy Godoy Medina design\u00f3 al Ing. V\u00edctor Ra\u00fal Silvera Pastor como nuevo Director Regional de Transportes y Comunicaciones de Apur\u00edmac, profesional de amplia experiencia en la administraci\u00f3n p\u00fablica, con el objetivo de trabajar por las poblaciones m\u00e1s olvidadas y fortalecer una gesti\u00f3n transparente y sin corrupci\u00f3n.<\/p>\n\n\n\n<p>La primera autoridad regional resalto la importancia de fortalecer el sector transportes, ya que a trav\u00e9s de la construcci\u00f3n, ampliaci\u00f3n y mejoramiento de las v\u00edas de comunicaci\u00f3n a nivel regional se fortalece el desarrollo de los pueblos y se dinamiza la econom\u00eda permiti\u00e9ndole a las poblaciones m\u00e1s alejadas tener una mejor calidad de vida y la posibilidad de poder comercializar su producci\u00f3n agropecuaria en los principales mercados de nuestra regi\u00f3n, as\u00ed mismo se comprometi\u00f3 a impulsar la compra de un pool de maquinaria pesada y una planta de asfalto rodante, concluir la construcci\u00f3n del nuevo circuito de manejo de transportes y de manera inmediata reiniciar los proyectos que se tiene en continuidad.<\/p>\n\n\n\n<p>A su turno el flamante Director Regional de Transportes agradeci\u00f3 la confianza depositada en su persona para poder contribuir con su experiencia buscando el desarrollo de nuestra regi\u00f3n, destac\u00f3 adem\u00e1s que ser\u00e1 una gesti\u00f3n transparente y su principal fortaleza ser\u00e1 el trabajo articulado con las autoridades distritales, provinciales y regionales.<\/p>\n\n\n\n<p>Finalmente se\u00f1alo que impulsara la ejecuci\u00f3n de los proyectos estrat\u00e9gicos como el corredor econ\u00f3mico Transandino, corredor econ\u00f3mico Arco, karkatera, Huanipaca, corredor econ\u00f3mico Yaca Ocobamba, Runahua\u00f1uscca que ser\u00e1n de vital importancia para el desarrollo de cientos de hermanos apurime\u00f1os refiri\u00f3 el funcionario, as\u00ed mismo puntualizo que se fortalecer\u00e1 el trabajo de la Direcci\u00f3n de Telecomunicaciones ya que el compromiso es permitir el acceso a la informaci\u00f3n educativa y cultural para todos los pobladores apurime\u00f1os pero principalmente para j\u00f3venes de inicial, primaria y secundaria, de otro lado se\u00f1al\u00f3 que se realizaran campa\u00f1as de educaci\u00f3n y seguridad vial a lo largo de toda la regi\u00f3n con la finalidad de concientizar a los conductores sobre el manejo responsable y el respeto a las normas y se\u00f1ales de tr\u00e1nsito.<\/p>\n\n\n\n<figure class=\"wp-block-image size-large\"><img loading=\"lazy\" decoding=\"async\" width=\"1024\" height=\"683\" src=\"https:\/\/drtcapurimac.gob.pe\/portal\/wp-content\/uploads\/2023\/01\/324258805_1622381344888808_2055918005113000327_n-2-1024x683.jpg\" alt=\"\" class=\"wp-image-8555\" srcset=\"https:\/\/drtcapurimac.gob.pe\/portal\/wp-content\/uploads\/2023\/01\/324258805_1622381344888808_2055918005113000327_n-2-1024x683.jpg 1024w, https:\/\/drtcapurimac.gob.pe\/portal\/wp-content\/uploads\/2023\/01\/324258805_1622381344888808_2055918005113000327_n-2-300x200.jpg 300w, https:\/\/drtcapurimac.gob.pe\/portal\/wp-content\/uploads\/2023\/01\/324258805_1622381344888808_2055918005113000327_n-2-768x512.jpg 768w, https:\/\/drtcapurimac.gob.pe\/portal\/wp-content\/uploads\/2023\/01\/324258805_1622381344888808_2055918005113000327_n-2-1536x1024.jpg 1536w, https:\/\/drtcapurimac.gob.pe\/portal\/wp-content\/uploads\/2023\/01\/324258805_1622381344888808_2055918005113000327_n-2.jpg 2048w\" sizes=\"auto, (max-width: 1024px) 100vw, 1024px\" \/><\/figure>\n\n\n\n<p>53T\u00fa&nbsp;y&nbsp;52 personas m\u00e1s11 veces compartidoMe gustaComentarCompartir<\/p>\n","protected":false},"excerpt":{"rendered":"<p>Teniendo como escenario las instalaciones de la DRTC &#8211; Apur\u00edmac y en representaci\u00f3n del sindicato de trabajadores de la Direcci\u00f3n Regional de Transportes, hizo uso de la palabra el profesor&hellip; <\/p>\n","protected":false},"author":2,"featured_media":8555,"comment_status":"closed","ping_status":"open","sticky":false,"template":"","format":"standard","meta":{"footnotes":""},"categories":[16],"tags":[],"class_list":["post-8549","post","type-post","status-publish","format-standard","has-post-thumbnail","hentry","category-noticias"],"_links":{"self":[{"href":"https:\/\/drtcapurimac.gob.pe\/portal\/wp-json\/wp\/v2\/posts\/8549","targetHints":{"allow":["GET"]}}],"collection":[{"href":"https:\/\/drtcapurimac.gob.pe\/portal\/wp-json\/wp\/v2\/posts"}],"about":[{"href":"https:\/\/drtcapurimac.gob.pe\/portal\/wp-json\/wp\/v2\/types\/post"}],"author":[{"embeddable":true,"href":"https:\/\/drtcapurimac.gob.pe\/portal\/wp-json\/wp\/v2\/users\/2"}],"replies":[{"embeddable":true,"href":"https:\/\/drtcapurimac.gob.pe\/portal\/wp-json\/wp\/v2\/comments?post=8549"}],"version-history":[{"count":1,"href":"https:\/\/drtcapurimac.gob.pe\/portal\/wp-json\/wp\/v2\/posts\/8549\/revisions"}],"predecessor-version":[{"id":8556,"href":"https:\/\/drtcapurimac.gob.pe\/portal\/wp-json\/wp\/v2\/posts\/8549\/revisions\/8556"}],"wp:featuredmedia":[{"embeddable":true,"href":"https:\/\/drtcapurimac.gob.pe\/portal\/wp-json\/wp\/v2\/media\/8555"}],"wp:attachment":[{"href":"https:\/\/drtcapurimac.gob.pe\/portal\/wp-json\/wp\/v2\/media?parent=8549"}],"wp:term":[{"taxonomy":"category","embeddable":true,"href":"https:\/\/drtcapurimac.gob.pe\/portal\/wp-json\/wp\/v2\/categories?post=8549"},{"taxonomy":"post_tag","embeddable":true,"href":"https:\/\/drtcapurimac.gob.pe\/portal\/wp-json\/wp\/v2\/tags?post=8549"}],"curies":[{"name":"wp","href":"https:\/\/api.w.org\/{rel}","templated":true}]}}