{"id":8510,"date":"2022-12-31T14:37:39","date_gmt":"2022-12-31T14:37:39","guid":{"rendered":"https:\/\/drtcapurimac.gob.pe\/portal\/?p=8510"},"modified":"2022-12-31T14:37:40","modified_gmt":"2022-12-31T14:37:40","slug":"se-ultiman-detalles-para-la-entrega-fisica-de-la-via-llaullipata-tipin-gamarra-en-provincia-de-grau","status":"publish","type":"post","link":"https:\/\/drtcapurimac.gob.pe\/portal\/se-ultiman-detalles-para-la-entrega-fisica-de-la-via-llaullipata-tipin-gamarra-en-provincia-de-grau\/","title":{"rendered":"Se ultiman detalles para la entrega f\u00edsica de la v\u00eda LLaullipata \u2013 Tipin \u2013 Gamarra en provincia de Grau."},"content":{"rendered":"\n<p>Trabajar hasta el \u00faltimo d\u00eda de la gesti\u00f3n con esas palabras el Director Regional de Transportes y Comunicaciones de Apur\u00edmac Ing. Nevely Peralta Capcha se\u00f1alo que se viene ultimando detalles para realizar la entrega f\u00edsica de la CONSTRUCCI\u00d3N DE LA TROCHA CARROZABLE LLAULLIPATA-TIPIN \u2013 ANISPATA \u2013 OLLABAMBA &#8211; DISTRITO DE GAMARRA &#8211; GRAU \u2013 APUR\u00cdMAC\u00a0 la cual tiene una Longitud &#8211; 12+700 km y beneficiara a m\u00e1s de 810\u00a0 pobladores, destaco que la presente obra fue iniciada todav\u00eda el\u00a0 14 de noviembre del 2012 y que por la voluntad pol\u00edtica y compromiso del gobernador regional se est\u00e1 concluyendo en la presente gesti\u00f3n, el objetivo principal es dinamizar la econom\u00eda de cientos de pobladores que se dedican a la producci\u00f3n agropecuaria de la provincia de Grau.<\/p>\n\n\n\n<figure class=\"wp-block-image size-large\"><img loading=\"lazy\" decoding=\"async\" width=\"1024\" height=\"473\" src=\"https:\/\/drtcapurimac.gob.pe\/portal\/wp-content\/uploads\/2022\/12\/321248839_560116538894823_3395187211926258073_n-1024x473.jpg\" alt=\"\" class=\"wp-image-8511\" srcset=\"https:\/\/drtcapurimac.gob.pe\/portal\/wp-content\/uploads\/2022\/12\/321248839_560116538894823_3395187211926258073_n-1024x473.jpg 1024w, https:\/\/drtcapurimac.gob.pe\/portal\/wp-content\/uploads\/2022\/12\/321248839_560116538894823_3395187211926258073_n-300x139.jpg 300w, https:\/\/drtcapurimac.gob.pe\/portal\/wp-content\/uploads\/2022\/12\/321248839_560116538894823_3395187211926258073_n-768x355.jpg 768w, https:\/\/drtcapurimac.gob.pe\/portal\/wp-content\/uploads\/2022\/12\/321248839_560116538894823_3395187211926258073_n.jpg 1280w\" sizes=\"auto, (max-width: 1024px) 100vw, 1024px\" \/><\/figure>\n","protected":false},"excerpt":{"rendered":"<p>Trabajar hasta el \u00faltimo d\u00eda de la gesti\u00f3n con esas palabras el Director Regional de Transportes y Comunicaciones de Apur\u00edmac Ing. Nevely Peralta Capcha se\u00f1alo que se viene ultimando detalles&hellip; <\/p>\n","protected":false},"author":2,"featured_media":8511,"comment_status":"closed","ping_status":"open","sticky":false,"template":"","format":"standard","meta":{"footnotes":""},"categories":[3,16],"tags":[],"class_list":["post-8510","post","type-post","status-publish","format-standard","has-post-thumbnail","hentry","category-direccion-de-caminos","category-noticias"],"_links":{"self":[{"href":"https:\/\/drtcapurimac.gob.pe\/portal\/wp-json\/wp\/v2\/posts\/8510","targetHints":{"allow":["GET"]}}],"collection":[{"href":"https:\/\/drtcapurimac.gob.pe\/portal\/wp-json\/wp\/v2\/posts"}],"about":[{"href":"https:\/\/drtcapurimac.gob.pe\/portal\/wp-json\/wp\/v2\/types\/post"}],"author":[{"embeddable":true,"href":"https:\/\/drtcapurimac.gob.pe\/portal\/wp-json\/wp\/v2\/users\/2"}],"replies":[{"embeddable":true,"href":"https:\/\/drtcapurimac.gob.pe\/portal\/wp-json\/wp\/v2\/comments?post=8510"}],"version-history":[{"count":1,"href":"https:\/\/drtcapurimac.gob.pe\/portal\/wp-json\/wp\/v2\/posts\/8510\/revisions"}],"predecessor-version":[{"id":8512,"href":"https:\/\/drtcapurimac.gob.pe\/portal\/wp-json\/wp\/v2\/posts\/8510\/revisions\/8512"}],"wp:featuredmedia":[{"embeddable":true,"href":"https:\/\/drtcapurimac.gob.pe\/portal\/wp-json\/wp\/v2\/media\/8511"}],"wp:attachment":[{"href":"https:\/\/drtcapurimac.gob.pe\/portal\/wp-json\/wp\/v2\/media?parent=8510"}],"wp:term":[{"taxonomy":"category","embeddable":true,"href":"https:\/\/drtcapurimac.gob.pe\/portal\/wp-json\/wp\/v2\/categories?post=8510"},{"taxonomy":"post_tag","embeddable":true,"href":"https:\/\/drtcapurimac.gob.pe\/portal\/wp-json\/wp\/v2\/tags?post=8510"}],"curies":[{"name":"wp","href":"https:\/\/api.w.org\/{rel}","templated":true}]}}