{"id":8498,"date":"2022-12-31T14:34:21","date_gmt":"2022-12-31T14:34:21","guid":{"rendered":"https:\/\/drtcapurimac.gob.pe\/portal\/?p=8498"},"modified":"2022-12-31T14:34:22","modified_gmt":"2022-12-31T14:34:22","slug":"98-de-avance-fisico-en-trabajos-de-apertura-de-trocha-en-la-via-palcayno-tastata-curancuni-kero-en-pachaconas-antabamba","status":"publish","type":"post","link":"https:\/\/drtcapurimac.gob.pe\/portal\/98-de-avance-fisico-en-trabajos-de-apertura-de-trocha-en-la-via-palcayno-tastata-curancuni-kero-en-pachaconas-antabamba\/","title":{"rendered":"98% de avance f\u00edsico en trabajos de apertura de trocha en la v\u00eda Palcay\u00f1o &#8211; Tastata \u2013 Curancuni \u2013 Kero en \u2013 Pachaconas \u2013 Antabamba."},"content":{"rendered":"\n<p>El GORE Apur\u00edmac, mediante la Direcci\u00f3n Regional de Transportes y Comunicaciones viene realizando la apertura de v\u00eda en la localidad de Palcay\u00f1o &#8211; Tastata \u2013 Curancuni \u2013 Kero distrito de Pachaconas provincia de Antabamba la cual tiene una longitud de 19+600 kil\u00f3metros, actualmente se pudo concluir con el primer componente de este importante proyecto vial es cu\u00e1l es la apertura de la trocha carrozable.<\/p>\n\n\n\n<p>Al respecto el Director Regional de Transportes y Comunicaciones de Apur\u00edmac ing. Nevely Peralta Capcha destaco que se pudo concluir la apertura de la trocha carrozable&nbsp; tal como establece el expediente t\u00e9cnico \u201cse ha optimizado los recursos y se pudo realizar la apertura de los 19 kil\u00f3metros&nbsp; de esta nueva v\u00eda de comunicaci\u00f3n, ahora los pobladores de Palcay\u00f1o &#8211; Tastata \u2013 Curancuni \u2013 Kero podr\u00e1n desplazarse a trav\u00e9s de unidades vehiculares acortando el tiempo de viaje a sus comunidades, pero lo m\u00e1s importante es que gracias a este medio de comunicaci\u00f3n estamos ampliando la frontera agropecuaria, pues existen grandes zonas de producci\u00f3n de papa nativa y tambi\u00e9n podr\u00e1n comercializar la carne y fibra de cam\u00e9lidos dinamizando su econom\u00eda y permiti\u00e9ndoles una mejor calidad de vida.<\/p>\n\n\n\n<p>Sobre el particular el responsable de la ejecuci\u00f3n del proyecto informo que a la fecha se realiz\u00f3 una apertura de v\u00eda del 98% y que se proceder\u00e1 a los trabajos del perfilado y afirmado de la plataforma de la v\u00eda con la finalidad de permitir un tr\u00e1nsito fluido, estos trabajos se vienen realizando iniciando desde Kero a Palcay\u00f1o ya que actualmente la maquinaria pesada se encuentra en esa localidad.<\/p>\n\n\n\n<figure class=\"wp-block-image size-large\"><img loading=\"lazy\" decoding=\"async\" width=\"1024\" height=\"576\" src=\"https:\/\/drtcapurimac.gob.pe\/portal\/wp-content\/uploads\/2022\/12\/316673058_587230686736896_6842503037582524522_n-1024x576.jpg\" alt=\"\" class=\"wp-image-8499\" srcset=\"https:\/\/drtcapurimac.gob.pe\/portal\/wp-content\/uploads\/2022\/12\/316673058_587230686736896_6842503037582524522_n-1024x576.jpg 1024w, https:\/\/drtcapurimac.gob.pe\/portal\/wp-content\/uploads\/2022\/12\/316673058_587230686736896_6842503037582524522_n-300x169.jpg 300w, https:\/\/drtcapurimac.gob.pe\/portal\/wp-content\/uploads\/2022\/12\/316673058_587230686736896_6842503037582524522_n-768x432.jpg 768w, https:\/\/drtcapurimac.gob.pe\/portal\/wp-content\/uploads\/2022\/12\/316673058_587230686736896_6842503037582524522_n.jpg 1280w\" sizes=\"auto, (max-width: 1024px) 100vw, 1024px\" \/><\/figure>\n","protected":false},"excerpt":{"rendered":"<p>El GORE Apur\u00edmac, mediante la Direcci\u00f3n Regional de Transportes y Comunicaciones viene realizando la apertura de v\u00eda en la localidad de Palcay\u00f1o &#8211; Tastata \u2013 Curancuni \u2013 Kero distrito de&hellip; <\/p>\n","protected":false},"author":2,"featured_media":8499,"comment_status":"closed","ping_status":"open","sticky":false,"template":"","format":"standard","meta":{"footnotes":""},"categories":[3,16],"tags":[],"class_list":["post-8498","post","type-post","status-publish","format-standard","has-post-thumbnail","hentry","category-direccion-de-caminos","category-noticias"],"_links":{"self":[{"href":"https:\/\/drtcapurimac.gob.pe\/portal\/wp-json\/wp\/v2\/posts\/8498","targetHints":{"allow":["GET"]}}],"collection":[{"href":"https:\/\/drtcapurimac.gob.pe\/portal\/wp-json\/wp\/v2\/posts"}],"about":[{"href":"https:\/\/drtcapurimac.gob.pe\/portal\/wp-json\/wp\/v2\/types\/post"}],"author":[{"embeddable":true,"href":"https:\/\/drtcapurimac.gob.pe\/portal\/wp-json\/wp\/v2\/users\/2"}],"replies":[{"embeddable":true,"href":"https:\/\/drtcapurimac.gob.pe\/portal\/wp-json\/wp\/v2\/comments?post=8498"}],"version-history":[{"count":1,"href":"https:\/\/drtcapurimac.gob.pe\/portal\/wp-json\/wp\/v2\/posts\/8498\/revisions"}],"predecessor-version":[{"id":8500,"href":"https:\/\/drtcapurimac.gob.pe\/portal\/wp-json\/wp\/v2\/posts\/8498\/revisions\/8500"}],"wp:featuredmedia":[{"embeddable":true,"href":"https:\/\/drtcapurimac.gob.pe\/portal\/wp-json\/wp\/v2\/media\/8499"}],"wp:attachment":[{"href":"https:\/\/drtcapurimac.gob.pe\/portal\/wp-json\/wp\/v2\/media?parent=8498"}],"wp:term":[{"taxonomy":"category","embeddable":true,"href":"https:\/\/drtcapurimac.gob.pe\/portal\/wp-json\/wp\/v2\/categories?post=8498"},{"taxonomy":"post_tag","embeddable":true,"href":"https:\/\/drtcapurimac.gob.pe\/portal\/wp-json\/wp\/v2\/tags?post=8498"}],"curies":[{"name":"wp","href":"https:\/\/api.w.org\/{rel}","templated":true}]}}