{"id":6918,"date":"2022-07-19T20:29:11","date_gmt":"2022-07-19T20:29:11","guid":{"rendered":"https:\/\/drtcapurimac.gob.pe\/portal\/?p=6918"},"modified":"2022-07-19T20:29:12","modified_gmt":"2022-07-19T20:29:12","slug":"direccion-regional-de-transportes-realizo-instalacion-de-torre-de-generador-eolico-y-paneles-solares-en-localidad-de-fillucllu-circa-garantizara-energia-gratuita-para-estacion-de-radio-y-te","status":"publish","type":"post","link":"https:\/\/drtcapurimac.gob.pe\/portal\/direccion-regional-de-transportes-realizo-instalacion-de-torre-de-generador-eolico-y-paneles-solares-en-localidad-de-fillucllu-circa-garantizara-energia-gratuita-para-estacion-de-radio-y-te\/","title":{"rendered":"Direcci\u00f3n Regional de Transportes realizo instalaci\u00f3n de torre de generador e\u00f3lico y paneles solares en localidad de Fillucllu \u2013 Circa, garantizara energ\u00eda gratuita para estaci\u00f3n de radio y televisi\u00f3n."},"content":{"rendered":"\n<p>El Gobierno Regional de Apur\u00edmac a trav\u00e9s de la Direcci\u00f3n Regional de Transportes \u2013 Direcci\u00f3n de Telecomunicaciones realizo la instalaci\u00f3n de generador e\u00f3lico y paneles solares en localidad de Fillucllu \u2013 Circa, el cual garantizara energ\u00eda gratuita para la estaci\u00f3n de radio y televisi\u00f3n beneficiando a cientos de pobladores con el acceso a la informaci\u00f3n pol\u00edtica, econ\u00f3mica, cultural, deportiva y educativa para estudiantes de inicial primaria y secundaria quienes refuerzan su aprendizaje escolar con el programa Aprendo en Casa as\u00ed lo dio a conocer el Director Regional de Transportes.<\/p>\n\n\n\n<figure class=\"wp-block-image size-large\"><img loading=\"lazy\" decoding=\"async\" width=\"576\" height=\"1024\" src=\"https:\/\/drtcapurimac.gob.pe\/portal\/wp-content\/uploads\/2022\/07\/285443035_3221971461383644_213507832151985592_n-1-576x1024.jpg\" alt=\"\" class=\"wp-image-6919\" srcset=\"https:\/\/drtcapurimac.gob.pe\/portal\/wp-content\/uploads\/2022\/07\/285443035_3221971461383644_213507832151985592_n-1-576x1024.jpg 576w, https:\/\/drtcapurimac.gob.pe\/portal\/wp-content\/uploads\/2022\/07\/285443035_3221971461383644_213507832151985592_n-1-169x300.jpg 169w, https:\/\/drtcapurimac.gob.pe\/portal\/wp-content\/uploads\/2022\/07\/285443035_3221971461383644_213507832151985592_n-1-768x1366.jpg 768w, https:\/\/drtcapurimac.gob.pe\/portal\/wp-content\/uploads\/2022\/07\/285443035_3221971461383644_213507832151985592_n-1-864x1536.jpg 864w, https:\/\/drtcapurimac.gob.pe\/portal\/wp-content\/uploads\/2022\/07\/285443035_3221971461383644_213507832151985592_n-1.jpg 899w\" sizes=\"auto, (max-width: 576px) 100vw, 576px\" \/><\/figure>\n","protected":false},"excerpt":{"rendered":"<p>El Gobierno Regional de Apur\u00edmac a trav\u00e9s de la Direcci\u00f3n Regional de Transportes \u2013 Direcci\u00f3n de Telecomunicaciones realizo la instalaci\u00f3n de generador e\u00f3lico y paneles solares en localidad de Fillucllu&hellip; <\/p>\n","protected":false},"author":2,"featured_media":6919,"comment_status":"closed","ping_status":"open","sticky":false,"template":"","format":"standard","meta":{"footnotes":""},"categories":[4,16],"tags":[],"class_list":["post-6918","post","type-post","status-publish","format-standard","has-post-thumbnail","hentry","category-direccion-de-telecomunicaciones","category-noticias"],"_links":{"self":[{"href":"https:\/\/drtcapurimac.gob.pe\/portal\/wp-json\/wp\/v2\/posts\/6918","targetHints":{"allow":["GET"]}}],"collection":[{"href":"https:\/\/drtcapurimac.gob.pe\/portal\/wp-json\/wp\/v2\/posts"}],"about":[{"href":"https:\/\/drtcapurimac.gob.pe\/portal\/wp-json\/wp\/v2\/types\/post"}],"author":[{"embeddable":true,"href":"https:\/\/drtcapurimac.gob.pe\/portal\/wp-json\/wp\/v2\/users\/2"}],"replies":[{"embeddable":true,"href":"https:\/\/drtcapurimac.gob.pe\/portal\/wp-json\/wp\/v2\/comments?post=6918"}],"version-history":[{"count":1,"href":"https:\/\/drtcapurimac.gob.pe\/portal\/wp-json\/wp\/v2\/posts\/6918\/revisions"}],"predecessor-version":[{"id":6920,"href":"https:\/\/drtcapurimac.gob.pe\/portal\/wp-json\/wp\/v2\/posts\/6918\/revisions\/6920"}],"wp:featuredmedia":[{"embeddable":true,"href":"https:\/\/drtcapurimac.gob.pe\/portal\/wp-json\/wp\/v2\/media\/6919"}],"wp:attachment":[{"href":"https:\/\/drtcapurimac.gob.pe\/portal\/wp-json\/wp\/v2\/media?parent=6918"}],"wp:term":[{"taxonomy":"category","embeddable":true,"href":"https:\/\/drtcapurimac.gob.pe\/portal\/wp-json\/wp\/v2\/categories?post=6918"},{"taxonomy":"post_tag","embeddable":true,"href":"https:\/\/drtcapurimac.gob.pe\/portal\/wp-json\/wp\/v2\/tags?post=6918"}],"curies":[{"name":"wp","href":"https:\/\/api.w.org\/{rel}","templated":true}]}}