{"id":6878,"date":"2022-07-19T17:57:00","date_gmt":"2022-07-19T17:57:00","guid":{"rendered":"https:\/\/drtcapurimac.gob.pe\/portal\/?p=6878"},"modified":"2022-07-19T17:57:01","modified_gmt":"2022-07-19T17:57:01","slug":"via-palcayno-kero-ampliara-frontera-agricola-y-crianza-de-camelidos-sudamericanos-dinamizando-economia-de-pobladores-de-antabamba","status":"publish","type":"post","link":"https:\/\/drtcapurimac.gob.pe\/portal\/via-palcayno-kero-ampliara-frontera-agricola-y-crianza-de-camelidos-sudamericanos-dinamizando-economia-de-pobladores-de-antabamba\/","title":{"rendered":"V\u00eda Palcayno &#8211; Kero ampliara frontera agr\u00edcola y crianza de cam\u00e9lidos sudamericanos dinamizando econom\u00eda de pobladores de Antabamba."},"content":{"rendered":"\n<p>Equipo t\u00e9cnico de la Direcci\u00f3n Regional de Transportes superviso trabajos de apertura en la v\u00eda Palcay\u00f1o &#8211; Curancuni &#8211; Tastatasta \u2013 Kero en Pachaconas &#8211; Antabamba, esta importante obra vial es ejecutada por el Gobierno Regional de Apur\u00edmac a trav\u00e9s de la Direcci\u00f3n Regional de Transportes y Comunicaciones por administraci\u00f3n directa, actualmente se viene realizando trabajos de apertura de v\u00eda con maquinaria pesada a la fecha se tiene un avance de m\u00e1s de un kil\u00f3metros + 80 metros con seis metros de ancho en la plataforma de la v\u00eda, asimismo de acuerdo al expediente t\u00e9cnico se tiene previsto realizar obras de arte complementarias las cuales permitir\u00e1n un tr\u00e1nsito seguro, facilitando el acceso a los pobladores para comercializar la producci\u00f3n de papa nativa, oca y olluco asimismo la venta de fibra y carne de cam\u00e9lidos sudamericanos.<\/p>\n\n\n\n<p>Asu turno el Director Regional de Transportes destaco la importancia de esta v\u00eda de comunicaci\u00f3n ya que una vez concluida podr\u00e1 dinamizar la econom\u00eda de cientos de pobladores de escasos recursos econ\u00f3micos mejorando su calidad de vida, salud, educaci\u00f3n y transporte convirti\u00e9ndose a futuro como una alternativa m\u00e1s para interconectar las provincias de Antabamba y Grau.<\/p>\n\n\n\n<figure class=\"wp-block-gallery columns-3 is-cropped wp-block-gallery-1 is-layout-flex wp-block-gallery-is-layout-flex\"><ul class=\"blocks-gallery-grid\"><li class=\"blocks-gallery-item\"><figure><img loading=\"lazy\" decoding=\"async\" width=\"768\" height=\"1024\" src=\"https:\/\/drtcapurimac.gob.pe\/portal\/wp-content\/uploads\/2022\/07\/283767623_3211097482471042_6238096045843386837_n-768x1024.jpg\" alt=\"\" data-id=\"6879\" data-full-url=\"https:\/\/drtcapurimac.gob.pe\/portal\/wp-content\/uploads\/2022\/07\/283767623_3211097482471042_6238096045843386837_n.jpg\" data-link=\"https:\/\/drtcapurimac.gob.pe\/portal\/?attachment_id=6879\" class=\"wp-image-6879\" srcset=\"https:\/\/drtcapurimac.gob.pe\/portal\/wp-content\/uploads\/2022\/07\/283767623_3211097482471042_6238096045843386837_n-768x1024.jpg 768w, https:\/\/drtcapurimac.gob.pe\/portal\/wp-content\/uploads\/2022\/07\/283767623_3211097482471042_6238096045843386837_n-225x300.jpg 225w, https:\/\/drtcapurimac.gob.pe\/portal\/wp-content\/uploads\/2022\/07\/283767623_3211097482471042_6238096045843386837_n-1152x1536.jpg 1152w, https:\/\/drtcapurimac.gob.pe\/portal\/wp-content\/uploads\/2022\/07\/283767623_3211097482471042_6238096045843386837_n.jpg 1200w\" sizes=\"auto, (max-width: 768px) 100vw, 768px\" \/><\/figure><\/li><li class=\"blocks-gallery-item\"><figure><img loading=\"lazy\" decoding=\"async\" width=\"1024\" height=\"769\" src=\"https:\/\/drtcapurimac.gob.pe\/portal\/wp-content\/uploads\/2022\/07\/283821500_3211097142471076_6767269153943339979_n-1024x769.jpg\" alt=\"\" data-id=\"6880\" data-full-url=\"https:\/\/drtcapurimac.gob.pe\/portal\/wp-content\/uploads\/2022\/07\/283821500_3211097142471076_6767269153943339979_n.jpg\" data-link=\"https:\/\/drtcapurimac.gob.pe\/portal\/?attachment_id=6880\" class=\"wp-image-6880\" srcset=\"https:\/\/drtcapurimac.gob.pe\/portal\/wp-content\/uploads\/2022\/07\/283821500_3211097142471076_6767269153943339979_n-1024x769.jpg 1024w, https:\/\/drtcapurimac.gob.pe\/portal\/wp-content\/uploads\/2022\/07\/283821500_3211097142471076_6767269153943339979_n-300x225.jpg 300w, https:\/\/drtcapurimac.gob.pe\/portal\/wp-content\/uploads\/2022\/07\/283821500_3211097142471076_6767269153943339979_n-768x576.jpg 768w, https:\/\/drtcapurimac.gob.pe\/portal\/wp-content\/uploads\/2022\/07\/283821500_3211097142471076_6767269153943339979_n-1536x1153.jpg 1536w, https:\/\/drtcapurimac.gob.pe\/portal\/wp-content\/uploads\/2022\/07\/283821500_3211097142471076_6767269153943339979_n.jpg 1600w\" sizes=\"auto, (max-width: 1024px) 100vw, 1024px\" \/><\/figure><\/li><li class=\"blocks-gallery-item\"><figure><img loading=\"lazy\" decoding=\"async\" width=\"1024\" height=\"768\" src=\"https:\/\/drtcapurimac.gob.pe\/portal\/wp-content\/uploads\/2022\/07\/283701355_3211096989137758_989830327065044274_n-1024x768.jpg\" alt=\"\" data-id=\"6881\" data-full-url=\"https:\/\/drtcapurimac.gob.pe\/portal\/wp-content\/uploads\/2022\/07\/283701355_3211096989137758_989830327065044274_n.jpg\" data-link=\"https:\/\/drtcapurimac.gob.pe\/portal\/?attachment_id=6881\" class=\"wp-image-6881\" srcset=\"https:\/\/drtcapurimac.gob.pe\/portal\/wp-content\/uploads\/2022\/07\/283701355_3211096989137758_989830327065044274_n-1024x768.jpg 1024w, https:\/\/drtcapurimac.gob.pe\/portal\/wp-content\/uploads\/2022\/07\/283701355_3211096989137758_989830327065044274_n-300x225.jpg 300w, https:\/\/drtcapurimac.gob.pe\/portal\/wp-content\/uploads\/2022\/07\/283701355_3211096989137758_989830327065044274_n-768x576.jpg 768w, https:\/\/drtcapurimac.gob.pe\/portal\/wp-content\/uploads\/2022\/07\/283701355_3211096989137758_989830327065044274_n-1536x1152.jpg 1536w, https:\/\/drtcapurimac.gob.pe\/portal\/wp-content\/uploads\/2022\/07\/283701355_3211096989137758_989830327065044274_n.jpg 1600w\" sizes=\"auto, (max-width: 1024px) 100vw, 1024px\" \/><\/figure><\/li><li class=\"blocks-gallery-item\"><figure><img loading=\"lazy\" decoding=\"async\" width=\"1024\" height=\"768\" src=\"https:\/\/drtcapurimac.gob.pe\/portal\/wp-content\/uploads\/2022\/07\/283853101_3211096885804435_1721485804478844807_n-1024x768.jpg\" alt=\"\" data-id=\"6882\" data-full-url=\"https:\/\/drtcapurimac.gob.pe\/portal\/wp-content\/uploads\/2022\/07\/283853101_3211096885804435_1721485804478844807_n.jpg\" data-link=\"https:\/\/drtcapurimac.gob.pe\/portal\/?attachment_id=6882\" class=\"wp-image-6882\" srcset=\"https:\/\/drtcapurimac.gob.pe\/portal\/wp-content\/uploads\/2022\/07\/283853101_3211096885804435_1721485804478844807_n-1024x768.jpg 1024w, https:\/\/drtcapurimac.gob.pe\/portal\/wp-content\/uploads\/2022\/07\/283853101_3211096885804435_1721485804478844807_n-300x225.jpg 300w, https:\/\/drtcapurimac.gob.pe\/portal\/wp-content\/uploads\/2022\/07\/283853101_3211096885804435_1721485804478844807_n-768x576.jpg 768w, https:\/\/drtcapurimac.gob.pe\/portal\/wp-content\/uploads\/2022\/07\/283853101_3211096885804435_1721485804478844807_n-1536x1152.jpg 1536w, https:\/\/drtcapurimac.gob.pe\/portal\/wp-content\/uploads\/2022\/07\/283853101_3211096885804435_1721485804478844807_n.jpg 1600w\" sizes=\"auto, (max-width: 1024px) 100vw, 1024px\" \/><\/figure><\/li><\/ul><\/figure>\n\n\n\n<p><\/p>\n","protected":false},"excerpt":{"rendered":"<p>Equipo t\u00e9cnico de la Direcci\u00f3n Regional de Transportes superviso trabajos de apertura en la v\u00eda Palcay\u00f1o &#8211; Curancuni &#8211; Tastatasta \u2013 Kero en Pachaconas &#8211; Antabamba, esta importante obra vial&hellip; <\/p>\n","protected":false},"author":2,"featured_media":6882,"comment_status":"closed","ping_status":"open","sticky":false,"template":"","format":"standard","meta":{"footnotes":""},"categories":[3,16],"tags":[],"class_list":["post-6878","post","type-post","status-publish","format-standard","has-post-thumbnail","hentry","category-direccion-de-caminos","category-noticias"],"_links":{"self":[{"href":"https:\/\/drtcapurimac.gob.pe\/portal\/wp-json\/wp\/v2\/posts\/6878","targetHints":{"allow":["GET"]}}],"collection":[{"href":"https:\/\/drtcapurimac.gob.pe\/portal\/wp-json\/wp\/v2\/posts"}],"about":[{"href":"https:\/\/drtcapurimac.gob.pe\/portal\/wp-json\/wp\/v2\/types\/post"}],"author":[{"embeddable":true,"href":"https:\/\/drtcapurimac.gob.pe\/portal\/wp-json\/wp\/v2\/users\/2"}],"replies":[{"embeddable":true,"href":"https:\/\/drtcapurimac.gob.pe\/portal\/wp-json\/wp\/v2\/comments?post=6878"}],"version-history":[{"count":1,"href":"https:\/\/drtcapurimac.gob.pe\/portal\/wp-json\/wp\/v2\/posts\/6878\/revisions"}],"predecessor-version":[{"id":6883,"href":"https:\/\/drtcapurimac.gob.pe\/portal\/wp-json\/wp\/v2\/posts\/6878\/revisions\/6883"}],"wp:featuredmedia":[{"embeddable":true,"href":"https:\/\/drtcapurimac.gob.pe\/portal\/wp-json\/wp\/v2\/media\/6882"}],"wp:attachment":[{"href":"https:\/\/drtcapurimac.gob.pe\/portal\/wp-json\/wp\/v2\/media?parent=6878"}],"wp:term":[{"taxonomy":"category","embeddable":true,"href":"https:\/\/drtcapurimac.gob.pe\/portal\/wp-json\/wp\/v2\/categories?post=6878"},{"taxonomy":"post_tag","embeddable":true,"href":"https:\/\/drtcapurimac.gob.pe\/portal\/wp-json\/wp\/v2\/tags?post=6878"}],"curies":[{"name":"wp","href":"https:\/\/api.w.org\/{rel}","templated":true}]}}