{"id":19092,"date":"2026-03-17T10:39:59","date_gmt":"2026-03-17T15:39:59","guid":{"rendered":"https:\/\/drtcapurimac.gob.pe\/portal\/?p=19092"},"modified":"2026-03-17T10:40:00","modified_gmt":"2026-03-17T15:40:00","slug":"director-regional-de-transportes-coordina-acciones-para-la-rehabilitacion-de-vias-de-comunicacion-en-la-provincia-de-grau","status":"publish","type":"post","link":"https:\/\/drtcapurimac.gob.pe\/portal\/director-regional-de-transportes-coordina-acciones-para-la-rehabilitacion-de-vias-de-comunicacion-en-la-provincia-de-grau\/","title":{"rendered":"Director Regional de Transportes coordina acciones para la rehabilitaci\u00f3n de v\u00edas de comunicaci\u00f3n en la provincia de Grau"},"content":{"rendered":"\n<p>El Director Regional de Transportes y Comunicaciones, acompa\u00f1ado de su equipo t\u00e9cnico, por encargo del Gobernador Regional de Apur\u00edmac, sostuvo una reuni\u00f3n de trabajo con el alcalde provincial de Grau, con la finalidad de coordinar acciones conjuntas orientadas a la rehabilitaci\u00f3n de las v\u00edas de comunicaci\u00f3n afectadas por la temporada de lluvias en dicha provincia.<\/p>\n\n\n\n<p>Durante la reuni\u00f3n se evalu\u00f3 la situaci\u00f3n actual de las v\u00edas de comunicaci\u00f3n de Chuquibambilla hacia Antabamba, Cotahuay \u2013 Huichihua \u2013 Chise, las cuales resultaron perjudicadas por el desborde del r\u00edo, ocasionando da\u00f1os en la plataforma de la v\u00eda. Al respecto, el titular de la DRTC Apur\u00edmac inform\u00f3 que, a trav\u00e9s de la Subdirecci\u00f3n de Equipo Mec\u00e1nico, se dispondr\u00e1 el env\u00edo de maquinaria pesada para la atenci\u00f3n y rehabilitaci\u00f3n de estas importantes v\u00edas de comunicaci\u00f3n. Indic\u00f3 adem\u00e1s que se viene realizando esta misma labor en la provincia de Aymaraes &#8211; Chalhuanca.<\/p>\n\n\n\n<p>Asimismo, el equipo t\u00e9cnico de la Subdirecci\u00f3n de Estudios, dio a conocer el estado situacional y los avances que se tienen a la fecha para buscar financiamiento para la elaboraci\u00f3n del expediente t\u00e9cnico del proyecto Lazo de Oro.<\/p>\n\n\n\n<p>La DRTC Apur\u00edmac reafirma su compromiso de continuar trabajando de manera articulada con las autoridades locales en beneficio de la conectividad y el desarrollo regional.<\/p>\n\n\n\n<figure class=\"wp-block-image size-large\"><img loading=\"lazy\" decoding=\"async\" width=\"1024\" height=\"768\" src=\"https:\/\/drtcapurimac.gob.pe\/portal\/wp-content\/uploads\/2026\/03\/630230696_1495923755867580_3999395424709986820_n-1024x768.jpg\" alt=\"\" class=\"wp-image-19093\" srcset=\"https:\/\/drtcapurimac.gob.pe\/portal\/wp-content\/uploads\/2026\/03\/630230696_1495923755867580_3999395424709986820_n-1024x768.jpg 1024w, https:\/\/drtcapurimac.gob.pe\/portal\/wp-content\/uploads\/2026\/03\/630230696_1495923755867580_3999395424709986820_n-300x225.jpg 300w, https:\/\/drtcapurimac.gob.pe\/portal\/wp-content\/uploads\/2026\/03\/630230696_1495923755867580_3999395424709986820_n-768x576.jpg 768w, https:\/\/drtcapurimac.gob.pe\/portal\/wp-content\/uploads\/2026\/03\/630230696_1495923755867580_3999395424709986820_n-1536x1152.jpg 1536w, https:\/\/drtcapurimac.gob.pe\/portal\/wp-content\/uploads\/2026\/03\/630230696_1495923755867580_3999395424709986820_n.jpg 1890w\" sizes=\"auto, (max-width: 1024px) 100vw, 1024px\" \/><\/figure>\n","protected":false},"excerpt":{"rendered":"<p>El Director Regional de Transportes y Comunicaciones, acompa\u00f1ado de su equipo t\u00e9cnico, por encargo del Gobernador Regional de Apur\u00edmac, sostuvo una reuni\u00f3n de trabajo con el alcalde provincial de Grau,&hellip; <\/p>\n","protected":false},"author":2,"featured_media":19093,"comment_status":"closed","ping_status":"open","sticky":false,"template":"","format":"standard","meta":{"footnotes":""},"categories":[3],"tags":[],"class_list":["post-19092","post","type-post","status-publish","format-standard","has-post-thumbnail","hentry","category-direccion-de-caminos"],"_links":{"self":[{"href":"https:\/\/drtcapurimac.gob.pe\/portal\/wp-json\/wp\/v2\/posts\/19092","targetHints":{"allow":["GET"]}}],"collection":[{"href":"https:\/\/drtcapurimac.gob.pe\/portal\/wp-json\/wp\/v2\/posts"}],"about":[{"href":"https:\/\/drtcapurimac.gob.pe\/portal\/wp-json\/wp\/v2\/types\/post"}],"author":[{"embeddable":true,"href":"https:\/\/drtcapurimac.gob.pe\/portal\/wp-json\/wp\/v2\/users\/2"}],"replies":[{"embeddable":true,"href":"https:\/\/drtcapurimac.gob.pe\/portal\/wp-json\/wp\/v2\/comments?post=19092"}],"version-history":[{"count":1,"href":"https:\/\/drtcapurimac.gob.pe\/portal\/wp-json\/wp\/v2\/posts\/19092\/revisions"}],"predecessor-version":[{"id":19094,"href":"https:\/\/drtcapurimac.gob.pe\/portal\/wp-json\/wp\/v2\/posts\/19092\/revisions\/19094"}],"wp:featuredmedia":[{"embeddable":true,"href":"https:\/\/drtcapurimac.gob.pe\/portal\/wp-json\/wp\/v2\/media\/19093"}],"wp:attachment":[{"href":"https:\/\/drtcapurimac.gob.pe\/portal\/wp-json\/wp\/v2\/media?parent=19092"}],"wp:term":[{"taxonomy":"category","embeddable":true,"href":"https:\/\/drtcapurimac.gob.pe\/portal\/wp-json\/wp\/v2\/categories?post=19092"},{"taxonomy":"post_tag","embeddable":true,"href":"https:\/\/drtcapurimac.gob.pe\/portal\/wp-json\/wp\/v2\/tags?post=19092"}],"curies":[{"name":"wp","href":"https:\/\/api.w.org\/{rel}","templated":true}]}}