{"id":18547,"date":"2025-12-02T11:11:15","date_gmt":"2025-12-02T16:11:15","guid":{"rendered":"https:\/\/drtcapurimac.gob.pe\/portal\/?p=18547"},"modified":"2025-12-02T11:11:16","modified_gmt":"2025-12-02T16:11:16","slug":"compromiso-de-trabajo-con-la-provincia-de-grau","status":"publish","type":"post","link":"https:\/\/drtcapurimac.gob.pe\/portal\/compromiso-de-trabajo-con-la-provincia-de-grau\/","title":{"rendered":"\u00a1COMPROMISO DE TRABAJO CON LA PROVINCIA DE GRAU!"},"content":{"rendered":"\n<p>El Director Regional de Transportes y Comunicaciones de Apur\u00edmac, junto a funcionarios y trabajadores de la DRTC <a><\/a>Apur\u00edmac, dijo presente en el desfile c\u00edvico por el 106\u00b0 Aniversario de Creaci\u00f3n Pol\u00edtica de la Provincia de Grau.<\/p>\n\n\n\n<p>En representaci\u00f3n del Gobernador Regional de Apur\u00edmac, esta participaci\u00f3n reafirma el inquebrantable compromiso de la instituci\u00f3n y sus colaboradores con el desarrollo integral de esta importante provincia de nuestra regi\u00f3n.<\/p>\n\n\n\n<p>Actualemnte venimos construyendo la v\u00eda Yaca &#8211; Runahua\u00f1usca con una inversi\u00f3n de m\u00e1s de 72 millones, 57 kil\u00f3metros de longitud, doble carril, asfaltada contara con obras de arte y se\u00f1ales preventivas y kilometricas, garantizando con ello un tr\u00e1nsito rapido y seguro lo cual permitira dinamizar la econom\u00eda de los pobladores de las provincias de Abancay &#8211; Grau y Cotabambas.<\/p>\n\n\n\n<p>\u00a1Feliz Aniversario, Provincia de Grau! <\/p>\n\n\n\n<figure class=\"wp-block-image size-large\"><img loading=\"lazy\" decoding=\"async\" width=\"1024\" height=\"683\" src=\"https:\/\/drtcapurimac.gob.pe\/portal\/wp-content\/uploads\/2025\/12\/575113108_1413581864101770_4786181383889513075_n-1-1024x683.jpg\" alt=\"\" class=\"wp-image-18548\" srcset=\"https:\/\/drtcapurimac.gob.pe\/portal\/wp-content\/uploads\/2025\/12\/575113108_1413581864101770_4786181383889513075_n-1-1024x683.jpg 1024w, https:\/\/drtcapurimac.gob.pe\/portal\/wp-content\/uploads\/2025\/12\/575113108_1413581864101770_4786181383889513075_n-1-300x200.jpg 300w, https:\/\/drtcapurimac.gob.pe\/portal\/wp-content\/uploads\/2025\/12\/575113108_1413581864101770_4786181383889513075_n-1-768x512.jpg 768w, https:\/\/drtcapurimac.gob.pe\/portal\/wp-content\/uploads\/2025\/12\/575113108_1413581864101770_4786181383889513075_n-1-1536x1024.jpg 1536w, https:\/\/drtcapurimac.gob.pe\/portal\/wp-content\/uploads\/2025\/12\/575113108_1413581864101770_4786181383889513075_n-1.jpg 2048w\" sizes=\"auto, (max-width: 1024px) 100vw, 1024px\" \/><\/figure>\n","protected":false},"excerpt":{"rendered":"<p>El Director Regional de Transportes y Comunicaciones de Apur\u00edmac, junto a funcionarios y trabajadores de la DRTC Apur\u00edmac, dijo presente en el desfile c\u00edvico por el 106\u00b0 Aniversario de Creaci\u00f3n&hellip; <\/p>\n","protected":false},"author":2,"featured_media":18549,"comment_status":"closed","ping_status":"open","sticky":false,"template":"","format":"standard","meta":{"footnotes":""},"categories":[16],"tags":[],"class_list":["post-18547","post","type-post","status-publish","format-standard","has-post-thumbnail","hentry","category-noticias"],"_links":{"self":[{"href":"https:\/\/drtcapurimac.gob.pe\/portal\/wp-json\/wp\/v2\/posts\/18547","targetHints":{"allow":["GET"]}}],"collection":[{"href":"https:\/\/drtcapurimac.gob.pe\/portal\/wp-json\/wp\/v2\/posts"}],"about":[{"href":"https:\/\/drtcapurimac.gob.pe\/portal\/wp-json\/wp\/v2\/types\/post"}],"author":[{"embeddable":true,"href":"https:\/\/drtcapurimac.gob.pe\/portal\/wp-json\/wp\/v2\/users\/2"}],"replies":[{"embeddable":true,"href":"https:\/\/drtcapurimac.gob.pe\/portal\/wp-json\/wp\/v2\/comments?post=18547"}],"version-history":[{"count":1,"href":"https:\/\/drtcapurimac.gob.pe\/portal\/wp-json\/wp\/v2\/posts\/18547\/revisions"}],"predecessor-version":[{"id":18550,"href":"https:\/\/drtcapurimac.gob.pe\/portal\/wp-json\/wp\/v2\/posts\/18547\/revisions\/18550"}],"wp:featuredmedia":[{"embeddable":true,"href":"https:\/\/drtcapurimac.gob.pe\/portal\/wp-json\/wp\/v2\/media\/18549"}],"wp:attachment":[{"href":"https:\/\/drtcapurimac.gob.pe\/portal\/wp-json\/wp\/v2\/media?parent=18547"}],"wp:term":[{"taxonomy":"category","embeddable":true,"href":"https:\/\/drtcapurimac.gob.pe\/portal\/wp-json\/wp\/v2\/categories?post=18547"},{"taxonomy":"post_tag","embeddable":true,"href":"https:\/\/drtcapurimac.gob.pe\/portal\/wp-json\/wp\/v2\/tags?post=18547"}],"curies":[{"name":"wp","href":"https:\/\/api.w.org\/{rel}","templated":true}]}}