{"id":17914,"date":"2025-10-13T16:51:03","date_gmt":"2025-10-13T21:51:03","guid":{"rendered":"https:\/\/drtcapurimac.gob.pe\/portal\/?p=17914"},"modified":"2025-10-13T16:51:03","modified_gmt":"2025-10-13T21:51:03","slug":"se-realizo-capacitacion-en-educacion-vial-y-manejo-defensivo-para-conductores-de-essalud-apurimac","status":"publish","type":"post","link":"https:\/\/drtcapurimac.gob.pe\/portal\/se-realizo-capacitacion-en-educacion-vial-y-manejo-defensivo-para-conductores-de-essalud-apurimac\/","title":{"rendered":"Se realiz\u00f3 Capacitaci\u00f3n en Educaci\u00f3n Vial y Manejo Defensivo para Conductores de EsSalud Apur\u00edmac"},"content":{"rendered":"\n<p>El <a><\/a>Gobierno Regional de Apurimac, encabezado por su gobernador regional, Percy Godoy Medina, mediante la Direccion Regional de Transportes y Comunicaciones, Area de Educaci\u00f3n y Seguridad Vial, llev\u00f3 a cabo una importante jornada de capacitaci\u00f3n dirigida a los conductores de ambulancias y personal de la Red Asistencial EsSalud Apur\u00edmac, enfocada en una cultura de prevencion destinada a disminuir siniestros viales en nuestra regi\u00f3n.<\/p>\n\n\n\n<p>Al respecto el director regional de Transportes, Mg. Grober Solis Soto, destaco la importancia de realizar estas jornadas de capacitacion para fortalecer las habilidades de los conductores de Essalud, con mayor razon si es personal que se encarga del traslado de pacientes con delicado estado de salud, indico el funcionario.<\/p>\n\n\n\n<p><img loading=\"lazy\" decoding=\"async\" height=\"16\" width=\"16\" alt=\"\ud83d\udccd\" src=\"https:\/\/static.xx.fbcdn.net\/images\/emoji.php\/v9\/t2d\/1\/16\/1f4cd.png\"> El evento se realiz\u00f3 en el auditorio del Hospital II de Abancay, a partir de las 9:00 a.m.<\/p>\n\n\n\n<p>Como expositores de la DRTC &#8211; AP participaron:<\/p>\n\n\n\n<p> Abog. Fredy Ramos R\u00edos, Responsable de Educaci\u00f3n Vial de la DRTC Apur\u00edmac<\/p>\n\n\n\n<p> Ing. Lizardo Llamccaya Hilario, Subdirector de Fiscalizaci\u00f3n y Sanciones de la DRTC Apur\u00edmac<\/p>\n\n\n\n<p>Ambos especialistas brindaron informaci\u00f3n clave sobre prevenci\u00f3n de accidentes, normativas de tr\u00e1nsito y t\u00e9cnicas de conducci\u00f3n segura, promoviendo una cultura de responsabilidad vial entre los participantes., esta iniciativa forma parte del compromiso institucional de fortalecer la seguridad en las v\u00edas de nuestra regi\u00f3n, mediante la capacitaci\u00f3n constante y la sensibilizaci\u00f3n de quienes tienen a su cargo el transporte de personas y bienes.<\/p>\n\n\n\n<p>\u00a1Conducir con responsabilidad es cuidar vidas!<\/p>\n\n\n\n<figure class=\"wp-block-image size-large\"><img loading=\"lazy\" decoding=\"async\" width=\"1024\" height=\"768\" src=\"https:\/\/drtcapurimac.gob.pe\/portal\/wp-content\/uploads\/2025\/10\/557791960_1384646130328677_1778076022102896959_n-1024x768.jpg\" alt=\"\" class=\"wp-image-17915\" srcset=\"https:\/\/drtcapurimac.gob.pe\/portal\/wp-content\/uploads\/2025\/10\/557791960_1384646130328677_1778076022102896959_n-1024x768.jpg 1024w, https:\/\/drtcapurimac.gob.pe\/portal\/wp-content\/uploads\/2025\/10\/557791960_1384646130328677_1778076022102896959_n-300x225.jpg 300w, https:\/\/drtcapurimac.gob.pe\/portal\/wp-content\/uploads\/2025\/10\/557791960_1384646130328677_1778076022102896959_n-768x576.jpg 768w, https:\/\/drtcapurimac.gob.pe\/portal\/wp-content\/uploads\/2025\/10\/557791960_1384646130328677_1778076022102896959_n-1536x1152.jpg 1536w, https:\/\/drtcapurimac.gob.pe\/portal\/wp-content\/uploads\/2025\/10\/557791960_1384646130328677_1778076022102896959_n.jpg 1890w\" sizes=\"auto, (max-width: 1024px) 100vw, 1024px\" \/><\/figure>\n","protected":false},"excerpt":{"rendered":"<p>El Gobierno Regional de Apurimac, encabezado por su gobernador regional, Percy Godoy Medina, mediante la Direccion Regional de Transportes y Comunicaciones, Area de Educaci\u00f3n y Seguridad Vial, llev\u00f3 a cabo&hellip; <\/p>\n","protected":false},"author":2,"featured_media":266,"comment_status":"closed","ping_status":"open","sticky":false,"template":"","format":"standard","meta":{"footnotes":""},"categories":[2,16],"tags":[],"class_list":["post-17914","post","type-post","status-publish","format-standard","has-post-thumbnail","hentry","category-direccion-de-circulacion-terrestre","category-noticias"],"_links":{"self":[{"href":"https:\/\/drtcapurimac.gob.pe\/portal\/wp-json\/wp\/v2\/posts\/17914","targetHints":{"allow":["GET"]}}],"collection":[{"href":"https:\/\/drtcapurimac.gob.pe\/portal\/wp-json\/wp\/v2\/posts"}],"about":[{"href":"https:\/\/drtcapurimac.gob.pe\/portal\/wp-json\/wp\/v2\/types\/post"}],"author":[{"embeddable":true,"href":"https:\/\/drtcapurimac.gob.pe\/portal\/wp-json\/wp\/v2\/users\/2"}],"replies":[{"embeddable":true,"href":"https:\/\/drtcapurimac.gob.pe\/portal\/wp-json\/wp\/v2\/comments?post=17914"}],"version-history":[{"count":1,"href":"https:\/\/drtcapurimac.gob.pe\/portal\/wp-json\/wp\/v2\/posts\/17914\/revisions"}],"predecessor-version":[{"id":17916,"href":"https:\/\/drtcapurimac.gob.pe\/portal\/wp-json\/wp\/v2\/posts\/17914\/revisions\/17916"}],"wp:featuredmedia":[{"embeddable":true,"href":"https:\/\/drtcapurimac.gob.pe\/portal\/wp-json\/wp\/v2\/media\/266"}],"wp:attachment":[{"href":"https:\/\/drtcapurimac.gob.pe\/portal\/wp-json\/wp\/v2\/media?parent=17914"}],"wp:term":[{"taxonomy":"category","embeddable":true,"href":"https:\/\/drtcapurimac.gob.pe\/portal\/wp-json\/wp\/v2\/categories?post=17914"},{"taxonomy":"post_tag","embeddable":true,"href":"https:\/\/drtcapurimac.gob.pe\/portal\/wp-json\/wp\/v2\/tags?post=17914"}],"curies":[{"name":"wp","href":"https:\/\/api.w.org\/{rel}","templated":true}]}}