{"id":16416,"date":"2025-05-23T16:18:59","date_gmt":"2025-05-23T16:18:59","guid":{"rendered":"https:\/\/drtcapurimac.gob.pe\/portal\/?p=16416"},"modified":"2025-05-23T16:19:00","modified_gmt":"2025-05-23T16:19:00","slug":"%f0%9d%97%9a%f0%9d%97%a2%f0%9d%97%95%f0%9d%97%98%f0%9d%97%a5%f0%9d%97%a1%f0%9d%97%94%f0%9d%97%97%f0%9d%97%a2%f0%9d%97%a5-%f0%9d%97%a3%f0%9d%97%98%f0%9d%97%a5%f0%9d%97%96%f0%9d%97%ac-%f0%9d%97%9a","status":"publish","type":"post","link":"https:\/\/drtcapurimac.gob.pe\/portal\/%f0%9d%97%9a%f0%9d%97%a2%f0%9d%97%95%f0%9d%97%98%f0%9d%97%a5%f0%9d%97%a1%f0%9d%97%94%f0%9d%97%97%f0%9d%97%a2%f0%9d%97%a5-%f0%9d%97%a3%f0%9d%97%98%f0%9d%97%a5%f0%9d%97%96%f0%9d%97%ac-%f0%9d%97%9a\/","title":{"rendered":"\ud835\uddda\ud835\udde2\ud835\uddd5\ud835\uddd8\ud835\udde5\ud835\udde1\ud835\uddd4\ud835\uddd7\ud835\udde2\ud835\udde5 \ud835\udde3\ud835\uddd8\ud835\udde5\ud835\uddd6\ud835\uddec \ud835\uddda\ud835\udde2\ud835\uddd7\ud835\udde2\ud835\uddec \ud835\udde0\ud835\uddd8\ud835\uddd7\ud835\udddc\ud835\udde1\ud835\uddd4 \ud835\uddd9\ud835\udde2\ud835\udde5\ud835\udde7\ud835\uddd4\ud835\udddf\ud835\uddd8\ud835\uddd6\ud835\uddd8 \ud835\uddd8\ud835\udde4\ud835\udde8\ud835\udddc\ud835\udde3\ud835\udde2 \ud835\udde7\ud835\uddd8\u0301\ud835\uddd6\ud835\udde1\ud835\udddc\ud835\uddd6\ud835\udde2 \ud835\udde5\ud835\uddd8\ud835\uddda\ud835\udddc\ud835\udde2\ud835\udde1\ud835\uddd4\ud835\udddf \ud835\udde3\ud835\uddd4\ud835\udde5\ud835\uddd4 \ud835\udde2\ud835\udde3\ud835\udde7\ud835\udddc\ud835\udde0\ud835\udddc\ud835\udded\ud835\uddd4\ud835\udde5 \ud835\udddf\ud835\uddd4 \ud835\uddda\ud835\uddd8\ud835\udde6\ud835\udde7\ud835\udddc\ud835\udde2\u0301\ud835\udde1 \ud835\uddd8\ud835\udde1 \ud835\uddd7\ud835\udddc\ud835\udde9\ud835\uddd8\ud835\udde5\ud835\udde6\ud835\udde2\ud835\udde6 \ud835\udde6\ud835\uddd8\ud835\uddd6\ud835\udde7\ud835\udde2\ud835\udde5\ud835\uddd8\ud835\udde6"},"content":{"rendered":"\n<p>Con el firme prop\u00f3sito de fortalecer la gesti\u00f3n p\u00fablica y asegurar el cumplimiento de los objetivos estrat\u00e9gicos del Gobierno Regional de Apur\u00edmac, el gobernador Percy Godoy Medina ha dispuesto una serie de cambios en el equipo t\u00e9cnico regional, mediante la designaci\u00f3n de nuevos funcionarios en cargos clave de distintas gerencias y direcciones sectoriales.A trav\u00e9s de Resoluciones Ejecutivas Regionales emitidas el 20 de mayo de 2025, se oficializaron los siguientes nombramientos:<\/p>\n\n\n\n<p>\ud835\udddc\ud835\uddfb\ud835\uddf4. \ud835\udddd\ud835\uddfc\ud835\uddff\ud835\uddf4\ud835\uddf2 \ud835\uddd4\ud835\uddfb\ud835\ude01\ud835\uddfc\ud835\uddfb\ud835\uddf6\ud835\uddfc \u00d1\ud835\uddee\ud835\uddf0\ud835\uddf0\ud835\uddf5\ud835\uddee \ud835\udddf\ud835\ude02\ud835\uddf0\ud835\uddee\ud835\uddfb\ud835\uddee, asumi\u00f3 el cargo de Director Regional de Transportes y Comunicaciones, mediante Resoluci\u00f3n N\u00b0 133-2025-GORE.APUR\u00cdMAC\/GR.  <\/p>\n\n\n\n<figure class=\"wp-block-image size-large\"><img loading=\"lazy\" decoding=\"async\" width=\"1024\" height=\"687\" src=\"https:\/\/drtcapurimac.gob.pe\/portal\/wp-content\/uploads\/2025\/05\/500309287_1262420699217888_3780186358197390747_n-1024x687.jpg\" alt=\"\" class=\"wp-image-16417\" srcset=\"https:\/\/drtcapurimac.gob.pe\/portal\/wp-content\/uploads\/2025\/05\/500309287_1262420699217888_3780186358197390747_n-1024x687.jpg 1024w, https:\/\/drtcapurimac.gob.pe\/portal\/wp-content\/uploads\/2025\/05\/500309287_1262420699217888_3780186358197390747_n-300x201.jpg 300w, https:\/\/drtcapurimac.gob.pe\/portal\/wp-content\/uploads\/2025\/05\/500309287_1262420699217888_3780186358197390747_n-768x515.jpg 768w, https:\/\/drtcapurimac.gob.pe\/portal\/wp-content\/uploads\/2025\/05\/500309287_1262420699217888_3780186358197390747_n-1536x1030.jpg 1536w, https:\/\/drtcapurimac.gob.pe\/portal\/wp-content\/uploads\/2025\/05\/500309287_1262420699217888_3780186358197390747_n.jpg 2048w\" sizes=\"auto, (max-width: 1024px) 100vw, 1024px\" \/><\/figure>\n","protected":false},"excerpt":{"rendered":"<p>Con el firme prop\u00f3sito de fortalecer la gesti\u00f3n p\u00fablica y asegurar el cumplimiento de los objetivos estrat\u00e9gicos del Gobierno Regional de Apur\u00edmac, el gobernador Percy Godoy Medina ha dispuesto una&hellip; <\/p>\n","protected":false},"author":2,"featured_media":16417,"comment_status":"closed","ping_status":"open","sticky":false,"template":"","format":"standard","meta":{"footnotes":""},"categories":[16],"tags":[],"class_list":["post-16416","post","type-post","status-publish","format-standard","has-post-thumbnail","hentry","category-noticias"],"_links":{"self":[{"href":"https:\/\/drtcapurimac.gob.pe\/portal\/wp-json\/wp\/v2\/posts\/16416","targetHints":{"allow":["GET"]}}],"collection":[{"href":"https:\/\/drtcapurimac.gob.pe\/portal\/wp-json\/wp\/v2\/posts"}],"about":[{"href":"https:\/\/drtcapurimac.gob.pe\/portal\/wp-json\/wp\/v2\/types\/post"}],"author":[{"embeddable":true,"href":"https:\/\/drtcapurimac.gob.pe\/portal\/wp-json\/wp\/v2\/users\/2"}],"replies":[{"embeddable":true,"href":"https:\/\/drtcapurimac.gob.pe\/portal\/wp-json\/wp\/v2\/comments?post=16416"}],"version-history":[{"count":1,"href":"https:\/\/drtcapurimac.gob.pe\/portal\/wp-json\/wp\/v2\/posts\/16416\/revisions"}],"predecessor-version":[{"id":16418,"href":"https:\/\/drtcapurimac.gob.pe\/portal\/wp-json\/wp\/v2\/posts\/16416\/revisions\/16418"}],"wp:featuredmedia":[{"embeddable":true,"href":"https:\/\/drtcapurimac.gob.pe\/portal\/wp-json\/wp\/v2\/media\/16417"}],"wp:attachment":[{"href":"https:\/\/drtcapurimac.gob.pe\/portal\/wp-json\/wp\/v2\/media?parent=16416"}],"wp:term":[{"taxonomy":"category","embeddable":true,"href":"https:\/\/drtcapurimac.gob.pe\/portal\/wp-json\/wp\/v2\/categories?post=16416"},{"taxonomy":"post_tag","embeddable":true,"href":"https:\/\/drtcapurimac.gob.pe\/portal\/wp-json\/wp\/v2\/tags?post=16416"}],"curies":[{"name":"wp","href":"https:\/\/api.w.org\/{rel}","templated":true}]}}