{"id":16413,"date":"2025-05-23T16:17:22","date_gmt":"2025-05-23T16:17:22","guid":{"rendered":"https:\/\/drtcapurimac.gob.pe\/portal\/?p=16413"},"modified":"2025-05-23T16:17:35","modified_gmt":"2025-05-23T16:17:35","slug":"gobernador-regional-de-apurimac-designa-nuevo-director-regional-de-transportes-y-comunicaciones","status":"publish","type":"post","link":"https:\/\/drtcapurimac.gob.pe\/portal\/gobernador-regional-de-apurimac-designa-nuevo-director-regional-de-transportes-y-comunicaciones\/","title":{"rendered":"Gobernador Regional de Apur\u00edmac designa nuevo Director Regional de Transportes y Comunicaciones"},"content":{"rendered":"\n<p>En representaci\u00f3n del Gobernador Regional de Apur\u00edmac, Percy Godoy Medina, el gerente general del Gobierno Regional, Mag. C\u00e9sar Abarca Vera, present\u00f3 oficialmente al nuevo Director Regional de Transportes y Comunicaciones de Apur\u00edmac, Ing. Jorge Antonio \u00d1accha Lucana.<\/p>\n\n\n\n<p>Durante la ceremonia de presentaci\u00f3n, realizada en el auditorio de la Direcci\u00f3n Regional de Transportes, el Mag. Abarca Vera dio la bienvenida al nuevo funcionario y le augur\u00f3 \u00e9xitos en el desempe\u00f1o de sus funciones, destacando su amplia experiencia en el desempe\u00f1o de la gesti\u00f3n p\u00fablica, se\u00f1alando adem\u00e1s la importancia estrat\u00e9gica del sector transportes y comunicaciones para el desarrollo integral de la regi\u00f3n.<\/p>\n\n\n\n<p>\u201cEl compromiso del Gobierno Regional es seguir trabajando de forma articulada para garantizar un servicio eficiente y seguro en beneficio de todos los apurime\u00f1os\u201d, manifest\u00f3 el gerente general.<\/p>\n\n\n\n<p>Por su parte, el Ing. Jorge Antonio \u00d1accha agradeci\u00f3 la confianza depositada en su persona para asumir el cargo y expres\u00f3 su firme compromiso de trabajo. \u201cAsumo esta responsabilidad con humildad y con la plena disposici\u00f3n de contribuir al desarrollo de Apur\u00edmac, a trav\u00e9s de una gesti\u00f3n t\u00e9cnica, transparente y enfocada en las necesidades de nuestra poblaci\u00f3n\u201d, se\u00f1al\u00f3.<\/p>\n\n\n\n<p>Asimismo, el secretario del sindicato de trabajadores de la DRTC -AP. Gaspar Velasque Nu\u00f1es, felicito la designaci\u00f3n del nuevo Director Regional de Transportes reiterando su compromiso de apoyo en el desarrollo de su gesti\u00f3n, con esta designaci\u00f3n, el Gobierno Regional de Apur\u00edmac contin\u00faa fortaleciendo su equipo t\u00e9cnico para consolidar un desarrollo regional sostenible, eficiente y orientado al bienestar de todos los ciudadanos.<\/p>\n\n\n\n<p>Participaron de este importante acto de presentaci\u00f3n el Gerente Regional de Infraestructura, Ing. Dalmer Ascue Palomino, Lic. Antoni Rivera, Asesor de Gobernaci\u00f3n, Abogado Walter de la Cruz, Asesor de Gobernaci\u00f3n, el Presidente de la Confederaci\u00f3n de Transportistas de Apur\u00edmac, William Peceros y trabajadores de la Direcci\u00f3n Regional de Transportes.<\/p>\n\n\n\n<figure class=\"wp-block-image size-large\"><img loading=\"lazy\" decoding=\"async\" width=\"1024\" height=\"768\" src=\"https:\/\/drtcapurimac.gob.pe\/portal\/wp-content\/uploads\/2025\/05\/500253836_1262418992551392_3264113170017437334_n-1024x768.jpg\" alt=\"\" class=\"wp-image-16414\" srcset=\"https:\/\/drtcapurimac.gob.pe\/portal\/wp-content\/uploads\/2025\/05\/500253836_1262418992551392_3264113170017437334_n-1024x768.jpg 1024w, https:\/\/drtcapurimac.gob.pe\/portal\/wp-content\/uploads\/2025\/05\/500253836_1262418992551392_3264113170017437334_n-300x225.jpg 300w, https:\/\/drtcapurimac.gob.pe\/portal\/wp-content\/uploads\/2025\/05\/500253836_1262418992551392_3264113170017437334_n-768x576.jpg 768w, https:\/\/drtcapurimac.gob.pe\/portal\/wp-content\/uploads\/2025\/05\/500253836_1262418992551392_3264113170017437334_n-1536x1152.jpg 1536w, https:\/\/drtcapurimac.gob.pe\/portal\/wp-content\/uploads\/2025\/05\/500253836_1262418992551392_3264113170017437334_n.jpg 1890w\" sizes=\"auto, (max-width: 1024px) 100vw, 1024px\" \/><\/figure>\n","protected":false},"excerpt":{"rendered":"<p>En representaci\u00f3n del Gobernador Regional de Apur\u00edmac, Percy Godoy Medina, el gerente general del Gobierno Regional, Mag. C\u00e9sar Abarca Vera, present\u00f3 oficialmente al nuevo Director Regional de Transportes y Comunicaciones&hellip; <\/p>\n","protected":false},"author":2,"featured_media":16414,"comment_status":"closed","ping_status":"open","sticky":false,"template":"","format":"standard","meta":{"footnotes":""},"categories":[16],"tags":[],"class_list":["post-16413","post","type-post","status-publish","format-standard","has-post-thumbnail","hentry","category-noticias"],"_links":{"self":[{"href":"https:\/\/drtcapurimac.gob.pe\/portal\/wp-json\/wp\/v2\/posts\/16413","targetHints":{"allow":["GET"]}}],"collection":[{"href":"https:\/\/drtcapurimac.gob.pe\/portal\/wp-json\/wp\/v2\/posts"}],"about":[{"href":"https:\/\/drtcapurimac.gob.pe\/portal\/wp-json\/wp\/v2\/types\/post"}],"author":[{"embeddable":true,"href":"https:\/\/drtcapurimac.gob.pe\/portal\/wp-json\/wp\/v2\/users\/2"}],"replies":[{"embeddable":true,"href":"https:\/\/drtcapurimac.gob.pe\/portal\/wp-json\/wp\/v2\/comments?post=16413"}],"version-history":[{"count":1,"href":"https:\/\/drtcapurimac.gob.pe\/portal\/wp-json\/wp\/v2\/posts\/16413\/revisions"}],"predecessor-version":[{"id":16415,"href":"https:\/\/drtcapurimac.gob.pe\/portal\/wp-json\/wp\/v2\/posts\/16413\/revisions\/16415"}],"wp:featuredmedia":[{"embeddable":true,"href":"https:\/\/drtcapurimac.gob.pe\/portal\/wp-json\/wp\/v2\/media\/16414"}],"wp:attachment":[{"href":"https:\/\/drtcapurimac.gob.pe\/portal\/wp-json\/wp\/v2\/media?parent=16413"}],"wp:term":[{"taxonomy":"category","embeddable":true,"href":"https:\/\/drtcapurimac.gob.pe\/portal\/wp-json\/wp\/v2\/categories?post=16413"},{"taxonomy":"post_tag","embeddable":true,"href":"https:\/\/drtcapurimac.gob.pe\/portal\/wp-json\/wp\/v2\/tags?post=16413"}],"curies":[{"name":"wp","href":"https:\/\/api.w.org\/{rel}","templated":true}]}}