{"id":16407,"date":"2025-05-23T16:14:35","date_gmt":"2025-05-23T16:14:35","guid":{"rendered":"https:\/\/drtcapurimac.gob.pe\/portal\/?p=16407"},"modified":"2025-05-23T16:14:36","modified_gmt":"2025-05-23T16:14:36","slug":"director-regional-de-transportes-supervisa-labores-d-construccion-en-la-via-yaca-runahuanusca","status":"publish","type":"post","link":"https:\/\/drtcapurimac.gob.pe\/portal\/director-regional-de-transportes-supervisa-labores-d-construccion-en-la-via-yaca-runahuanusca\/","title":{"rendered":"Director Regional de Transportes supervisa labores d construcci\u00f3n en la via Yaca &#8211; Runahua\u00f1usca"},"content":{"rendered":"\n<p>Director Regional de Transportes y Comunicaciones de Apur\u00edmac Ing. Wilmer Calle Cruz, supervisa trabajos de construcci\u00f3n de la v\u00eda Yaca &#8211; Ocobamba &#8211; Taccacca &#8211; Runahua\u00f1usca, gracias a este importante proyecto vial mejorar\u00e1 la calidad de vida de los pobladores del distrito de Circa, cabe precisar que gracias a este proyecto se brinda oportunidad laboral a profesionales y pobladores de l \u00e1rea de influencia del proyecto.<\/p>\n\n\n\n<figure class=\"wp-block-image size-large\"><img loading=\"lazy\" decoding=\"async\" width=\"1024\" height=\"768\" src=\"https:\/\/drtcapurimac.gob.pe\/portal\/wp-content\/uploads\/2025\/05\/500254335_1262233345903290_7109814292018788945_n-1024x768.jpg\" alt=\"\" class=\"wp-image-16408\" srcset=\"https:\/\/drtcapurimac.gob.pe\/portal\/wp-content\/uploads\/2025\/05\/500254335_1262233345903290_7109814292018788945_n-1024x768.jpg 1024w, https:\/\/drtcapurimac.gob.pe\/portal\/wp-content\/uploads\/2025\/05\/500254335_1262233345903290_7109814292018788945_n-300x225.jpg 300w, https:\/\/drtcapurimac.gob.pe\/portal\/wp-content\/uploads\/2025\/05\/500254335_1262233345903290_7109814292018788945_n-768x576.jpg 768w, https:\/\/drtcapurimac.gob.pe\/portal\/wp-content\/uploads\/2025\/05\/500254335_1262233345903290_7109814292018788945_n-1536x1152.jpg 1536w, https:\/\/drtcapurimac.gob.pe\/portal\/wp-content\/uploads\/2025\/05\/500254335_1262233345903290_7109814292018788945_n.jpg 1890w\" sizes=\"auto, (max-width: 1024px) 100vw, 1024px\" \/><\/figure>\n","protected":false},"excerpt":{"rendered":"<p>Director Regional de Transportes y Comunicaciones de Apur\u00edmac Ing. Wilmer Calle Cruz, supervisa trabajos de construcci\u00f3n de la v\u00eda Yaca &#8211; Ocobamba &#8211; Taccacca &#8211; Runahua\u00f1usca, gracias a este importante&hellip; <\/p>\n","protected":false},"author":2,"featured_media":16408,"comment_status":"closed","ping_status":"open","sticky":false,"template":"","format":"standard","meta":{"footnotes":""},"categories":[3,16],"tags":[],"class_list":["post-16407","post","type-post","status-publish","format-standard","has-post-thumbnail","hentry","category-direccion-de-caminos","category-noticias"],"_links":{"self":[{"href":"https:\/\/drtcapurimac.gob.pe\/portal\/wp-json\/wp\/v2\/posts\/16407","targetHints":{"allow":["GET"]}}],"collection":[{"href":"https:\/\/drtcapurimac.gob.pe\/portal\/wp-json\/wp\/v2\/posts"}],"about":[{"href":"https:\/\/drtcapurimac.gob.pe\/portal\/wp-json\/wp\/v2\/types\/post"}],"author":[{"embeddable":true,"href":"https:\/\/drtcapurimac.gob.pe\/portal\/wp-json\/wp\/v2\/users\/2"}],"replies":[{"embeddable":true,"href":"https:\/\/drtcapurimac.gob.pe\/portal\/wp-json\/wp\/v2\/comments?post=16407"}],"version-history":[{"count":1,"href":"https:\/\/drtcapurimac.gob.pe\/portal\/wp-json\/wp\/v2\/posts\/16407\/revisions"}],"predecessor-version":[{"id":16409,"href":"https:\/\/drtcapurimac.gob.pe\/portal\/wp-json\/wp\/v2\/posts\/16407\/revisions\/16409"}],"wp:featuredmedia":[{"embeddable":true,"href":"https:\/\/drtcapurimac.gob.pe\/portal\/wp-json\/wp\/v2\/media\/16408"}],"wp:attachment":[{"href":"https:\/\/drtcapurimac.gob.pe\/portal\/wp-json\/wp\/v2\/media?parent=16407"}],"wp:term":[{"taxonomy":"category","embeddable":true,"href":"https:\/\/drtcapurimac.gob.pe\/portal\/wp-json\/wp\/v2\/categories?post=16407"},{"taxonomy":"post_tag","embeddable":true,"href":"https:\/\/drtcapurimac.gob.pe\/portal\/wp-json\/wp\/v2\/tags?post=16407"}],"curies":[{"name":"wp","href":"https:\/\/api.w.org\/{rel}","templated":true}]}}