{"id":16012,"date":"2025-04-07T20:27:14","date_gmt":"2025-04-07T20:27:14","guid":{"rendered":"https:\/\/drtcapurimac.gob.pe\/portal\/?p=16012"},"modified":"2025-04-07T20:27:15","modified_gmt":"2025-04-07T20:27:15","slug":"se-desarrollara-curso-de-capacitacion-en-seguridad-vial-dirigido-a-conductores","status":"publish","type":"post","link":"https:\/\/drtcapurimac.gob.pe\/portal\/se-desarrollara-curso-de-capacitacion-en-seguridad-vial-dirigido-a-conductores\/","title":{"rendered":"Se desarrollar\u00e1 curso de capacitaci\u00f3n en seguridad vial dirigido a conductores"},"content":{"rendered":"\n<p>Con el objetivo de capacitar a los transportistas de la provincia de Abancay, sobre la importancia de la normativa del transporte y transporte terrestre, primeros auxilios y seguridad vial para los conductores, el Gobierno Regional de Apur\u00edmac, mediante la Direcci\u00f3n Regional de Transportes \u00c1rea de Educaci\u00f3n y Seguridad Vial, en coordinaci\u00f3n con la MPA, desarrollara el \u00abcurso de capacitaci\u00f3n en seguridad vial dirigido a conductores\u00bb, el cual se realizara en el auditorio de la DRTC &#8211; AP. el d\u00eda 4 de abril a partir de las 5 de la tarde.<\/p>\n\n\n\n<p>Al respecto, el responsable de Educaci\u00f3n y Seguridad vial de la Direcci\u00f3n Regional de transportes, Abg. Fredy Ramos R\u00edos, indico, \u00abestamos trabajando de manera articulada con las instituciones vinculadas al transporte en nuestra regi\u00f3n con la finalidad de desarrollar cursos de capacitaci\u00f3n en seguridad vial, charlas de educaci\u00f3n vial en instituciones educativas de inicial, primaria, secundaria y marchas de sensibilizaci\u00f3n que se desarrollaran de manera simult\u00e1nea en las 7 provincias de la regi\u00f3n con el objetivo de concientizar a los transportistas y peatones sobre la importancia del respeto a las normas de tr\u00e1nsito para prevenir accidentes.<\/p>\n\n\n\n<p>Asimismo, se\u00f1alo que los conductores que participen de este curso de capacitaci\u00f3n podr\u00e1n rebajar puntos en su r\u00e9cord de conducir, adem\u00e1s se les entregaran certificados.<\/p>\n\n\n\n<figure class=\"wp-block-image size-large\"><img loading=\"lazy\" decoding=\"async\" width=\"1024\" height=\"768\" src=\"https:\/\/drtcapurimac.gob.pe\/portal\/wp-content\/uploads\/2025\/04\/487496883_1220992520027373_3612731336801164100_n-1024x768.jpg\" alt=\"\" class=\"wp-image-16013\" srcset=\"https:\/\/drtcapurimac.gob.pe\/portal\/wp-content\/uploads\/2025\/04\/487496883_1220992520027373_3612731336801164100_n-1024x768.jpg 1024w, https:\/\/drtcapurimac.gob.pe\/portal\/wp-content\/uploads\/2025\/04\/487496883_1220992520027373_3612731336801164100_n-300x225.jpg 300w, https:\/\/drtcapurimac.gob.pe\/portal\/wp-content\/uploads\/2025\/04\/487496883_1220992520027373_3612731336801164100_n-768x576.jpg 768w, https:\/\/drtcapurimac.gob.pe\/portal\/wp-content\/uploads\/2025\/04\/487496883_1220992520027373_3612731336801164100_n-1536x1152.jpg 1536w, https:\/\/drtcapurimac.gob.pe\/portal\/wp-content\/uploads\/2025\/04\/487496883_1220992520027373_3612731336801164100_n.jpg 1890w\" sizes=\"auto, (max-width: 1024px) 100vw, 1024px\" \/><\/figure>\n","protected":false},"excerpt":{"rendered":"<p>Con el objetivo de capacitar a los transportistas de la provincia de Abancay, sobre la importancia de la normativa del transporte y transporte terrestre, primeros auxilios y seguridad vial para&hellip; <\/p>\n","protected":false},"author":2,"featured_media":16013,"comment_status":"closed","ping_status":"open","sticky":false,"template":"","format":"standard","meta":{"footnotes":""},"categories":[2,16],"tags":[],"class_list":["post-16012","post","type-post","status-publish","format-standard","has-post-thumbnail","hentry","category-direccion-de-circulacion-terrestre","category-noticias"],"_links":{"self":[{"href":"https:\/\/drtcapurimac.gob.pe\/portal\/wp-json\/wp\/v2\/posts\/16012","targetHints":{"allow":["GET"]}}],"collection":[{"href":"https:\/\/drtcapurimac.gob.pe\/portal\/wp-json\/wp\/v2\/posts"}],"about":[{"href":"https:\/\/drtcapurimac.gob.pe\/portal\/wp-json\/wp\/v2\/types\/post"}],"author":[{"embeddable":true,"href":"https:\/\/drtcapurimac.gob.pe\/portal\/wp-json\/wp\/v2\/users\/2"}],"replies":[{"embeddable":true,"href":"https:\/\/drtcapurimac.gob.pe\/portal\/wp-json\/wp\/v2\/comments?post=16012"}],"version-history":[{"count":1,"href":"https:\/\/drtcapurimac.gob.pe\/portal\/wp-json\/wp\/v2\/posts\/16012\/revisions"}],"predecessor-version":[{"id":16014,"href":"https:\/\/drtcapurimac.gob.pe\/portal\/wp-json\/wp\/v2\/posts\/16012\/revisions\/16014"}],"wp:featuredmedia":[{"embeddable":true,"href":"https:\/\/drtcapurimac.gob.pe\/portal\/wp-json\/wp\/v2\/media\/16013"}],"wp:attachment":[{"href":"https:\/\/drtcapurimac.gob.pe\/portal\/wp-json\/wp\/v2\/media?parent=16012"}],"wp:term":[{"taxonomy":"category","embeddable":true,"href":"https:\/\/drtcapurimac.gob.pe\/portal\/wp-json\/wp\/v2\/categories?post=16012"},{"taxonomy":"post_tag","embeddable":true,"href":"https:\/\/drtcapurimac.gob.pe\/portal\/wp-json\/wp\/v2\/tags?post=16012"}],"curies":[{"name":"wp","href":"https:\/\/api.w.org\/{rel}","templated":true}]}}