{"id":15962,"date":"2025-03-21T16:49:51","date_gmt":"2025-03-21T16:49:51","guid":{"rendered":"https:\/\/drtcapurimac.gob.pe\/portal\/?p=15962"},"modified":"2025-03-21T16:49:52","modified_gmt":"2025-03-21T16:49:52","slug":"gobierno-regional-de-apurimac-refuerza-operativo-de-rescate-y-rehabilitacion-de-vias-en-huatarcuya-chalhuanca","status":"publish","type":"post","link":"https:\/\/drtcapurimac.gob.pe\/portal\/gobierno-regional-de-apurimac-refuerza-operativo-de-rescate-y-rehabilitacion-de-vias-en-huatarcuya-chalhuanca\/","title":{"rendered":"GOBIERNO REGIONAL DE APUR\u00cdMAC REFUERZA OPERATIVO DE RESCATE Y REHABILITACI\u00d3N DE V\u00cdAS EN HUATARCUYA, CHALHUANCA"},"content":{"rendered":"\n<p>En cumplimiento de las disposiciones del gobernador regional Percy Godoy Medina, el Gobierno Regional de Apur\u00edmac, a trav\u00e9s de la Direcci\u00f3n Regional de Transportes y Comunicaciones, ha movilizado una excavadora CAT 330 de \u00faltima generaci\u00f3n hasta la quebrada de Huatarcuya, Chalhuanca, para fortalecer las labores de rescate de personas desaparecidas y rehabilitaci\u00f3n de v\u00edas.<\/p>\n\n\n\n<p>Adem\u00e1s, el equipo de intervenci\u00f3n cuenta con drones de alta tecnolog\u00eda, proporcionados por el gobierno regional, para optimizar la b\u00fasqueda y evaluaci\u00f3n del \u00e1rea afectada. Gracias a estos esfuerzos conjuntos, en las \u00faltimas horas se logr\u00f3 la ubicaci\u00f3n del cuerpo de sexo femenino de una de las personas desaparecidas, la cual corresponde lamentablemente a la Prof. Lourdes Guti\u00e9rrez Vel\u00e1squez, docente que laboraba en la provincia de Antabamba. <\/p>\n\n\n\n<p>El Gobierno Regional de Apur\u00edmac contin\u00faa intensificando su trabajo coordinado con diversas entidades, incluyendo el Ej\u00e9rcito Peruano, la Polic\u00eda Nacional, brigadistas de la Red de salud de Aymaraes, Defensa Civil, INDECI, la Municipalidad Provincial, la subregi\u00f3n Aymaraes y la poblaci\u00f3n organizada. Esta articulaci\u00f3n estrat\u00e9gica busca acelerar las tareas de rescate y recuperaci\u00f3n, reafirmando el compromiso de las autoridades con la seguridad y bienestar de la poblaci\u00f3n afectada.<\/p>\n\n\n\n<figure class=\"wp-block-image size-large\"><img loading=\"lazy\" decoding=\"async\" width=\"1024\" height=\"683\" src=\"https:\/\/drtcapurimac.gob.pe\/portal\/wp-content\/uploads\/2025\/03\/484619846_1070285961803370_6763301350237079880_n-1024x683.jpg\" alt=\"\" class=\"wp-image-15963\" srcset=\"https:\/\/drtcapurimac.gob.pe\/portal\/wp-content\/uploads\/2025\/03\/484619846_1070285961803370_6763301350237079880_n-1024x683.jpg 1024w, https:\/\/drtcapurimac.gob.pe\/portal\/wp-content\/uploads\/2025\/03\/484619846_1070285961803370_6763301350237079880_n-300x200.jpg 300w, https:\/\/drtcapurimac.gob.pe\/portal\/wp-content\/uploads\/2025\/03\/484619846_1070285961803370_6763301350237079880_n-768x512.jpg 768w, https:\/\/drtcapurimac.gob.pe\/portal\/wp-content\/uploads\/2025\/03\/484619846_1070285961803370_6763301350237079880_n-1536x1024.jpg 1536w, https:\/\/drtcapurimac.gob.pe\/portal\/wp-content\/uploads\/2025\/03\/484619846_1070285961803370_6763301350237079880_n.jpg 2048w\" sizes=\"auto, (max-width: 1024px) 100vw, 1024px\" \/><\/figure>\n","protected":false},"excerpt":{"rendered":"<p>En cumplimiento de las disposiciones del gobernador regional Percy Godoy Medina, el Gobierno Regional de Apur\u00edmac, a trav\u00e9s de la Direcci\u00f3n Regional de Transportes y Comunicaciones, ha movilizado una excavadora&hellip; <\/p>\n","protected":false},"author":2,"featured_media":15963,"comment_status":"closed","ping_status":"open","sticky":false,"template":"","format":"standard","meta":{"footnotes":""},"categories":[3,16],"tags":[],"class_list":["post-15962","post","type-post","status-publish","format-standard","has-post-thumbnail","hentry","category-direccion-de-caminos","category-noticias"],"_links":{"self":[{"href":"https:\/\/drtcapurimac.gob.pe\/portal\/wp-json\/wp\/v2\/posts\/15962","targetHints":{"allow":["GET"]}}],"collection":[{"href":"https:\/\/drtcapurimac.gob.pe\/portal\/wp-json\/wp\/v2\/posts"}],"about":[{"href":"https:\/\/drtcapurimac.gob.pe\/portal\/wp-json\/wp\/v2\/types\/post"}],"author":[{"embeddable":true,"href":"https:\/\/drtcapurimac.gob.pe\/portal\/wp-json\/wp\/v2\/users\/2"}],"replies":[{"embeddable":true,"href":"https:\/\/drtcapurimac.gob.pe\/portal\/wp-json\/wp\/v2\/comments?post=15962"}],"version-history":[{"count":1,"href":"https:\/\/drtcapurimac.gob.pe\/portal\/wp-json\/wp\/v2\/posts\/15962\/revisions"}],"predecessor-version":[{"id":15964,"href":"https:\/\/drtcapurimac.gob.pe\/portal\/wp-json\/wp\/v2\/posts\/15962\/revisions\/15964"}],"wp:featuredmedia":[{"embeddable":true,"href":"https:\/\/drtcapurimac.gob.pe\/portal\/wp-json\/wp\/v2\/media\/15963"}],"wp:attachment":[{"href":"https:\/\/drtcapurimac.gob.pe\/portal\/wp-json\/wp\/v2\/media?parent=15962"}],"wp:term":[{"taxonomy":"category","embeddable":true,"href":"https:\/\/drtcapurimac.gob.pe\/portal\/wp-json\/wp\/v2\/categories?post=15962"},{"taxonomy":"post_tag","embeddable":true,"href":"https:\/\/drtcapurimac.gob.pe\/portal\/wp-json\/wp\/v2\/tags?post=15962"}],"curies":[{"name":"wp","href":"https:\/\/api.w.org\/{rel}","templated":true}]}}