{"id":15945,"date":"2025-03-21T16:42:22","date_gmt":"2025-03-21T16:42:22","guid":{"rendered":"https:\/\/drtcapurimac.gob.pe\/portal\/?p=15945"},"modified":"2025-03-21T16:42:22","modified_gmt":"2025-03-21T16:42:22","slug":"gobierno-regional-de-apurimac-brinda-atencion-inmediata-con-personal-especializado-y-maquinaria-pesada-por-emergencia-en-huatarcuya-chalhuanca","status":"publish","type":"post","link":"https:\/\/drtcapurimac.gob.pe\/portal\/gobierno-regional-de-apurimac-brinda-atencion-inmediata-con-personal-especializado-y-maquinaria-pesada-por-emergencia-en-huatarcuya-chalhuanca\/","title":{"rendered":"GOBIERNO REGIONAL DE APUR\u00cdMAC BRINDA ATENCI\u00d3N INMEDIATA CON PERSONAL ESPECIALIZADO Y MAQUINARIA PESADA POR EMERGENCIA EN HUATARCUYA \u2013 CHALHUANCA"},"content":{"rendered":"\n<p>Por disposici\u00f3n del gobernador regional de Apur\u00edmac, Percy Godoy Medina, se orden\u00f3 de manera inmediata, el traslado de personal especializado y maquinaria pesada para la atenci\u00f3n de emergencia por huayco y el rescate de personas desaparecidas, ocurrido el d\u00eda 12 de marzo, por activaci\u00f3n de la quebrada de Huatarcuya en el distrito de Chalhuanca, provincia de Aymaraes.<\/p>\n\n\n\n<p>En el momento, el equipo del Gobierno Regional de Apur\u00edmac, dirigido por el gerente general regional, C\u00e9sar Abarca Vera y el director de la oficina regional de Defensa Nacional y Defensa Civil, Ing. Herbert Flores Pardo, viene cumpliendo labores relacionadas a la ubicaci\u00f3n y recuperaci\u00f3n de los ciudadanos no ubicados, utilizando para ello la log\u00edstica y equipos adecuados, trasladados hasta el lugar de emergencia; a ello se suma el trabajo de la maquinaria pesada.<\/p>\n\n\n\n<p>Tambi\u00e9n, se suma a estas labores personal de la direcci\u00f3n regional de Transportes y Comunicaciones, gerencia regional de Desarrollo Social, direcci\u00f3n regional de Salud &#8211; DIRESA y equipo de rescate, direcci\u00f3n regional de Agricultura &#8211; DRA, gerencia regional de Infraestructura, gerencia regional de Desarrollo Econ\u00f3mico, personal de comunicaciones, entre otros.<\/p>\n\n\n\n<p> La maquinaria pesada ordenada por el Gobierno Regional de Apur\u00edmac, ya se encuentra trabajando en la zona afectada y est\u00e1 conformada por cargadores frontales, plataformas, volquetes y tractores orugas.<\/p>\n\n\n\n<figure class=\"wp-block-image size-large\"><img loading=\"lazy\" decoding=\"async\" width=\"1024\" height=\"769\" src=\"https:\/\/drtcapurimac.gob.pe\/portal\/wp-content\/uploads\/2025\/03\/484825900_1068313092000657_6968029570006811732_n-1024x769.jpg\" alt=\"\" class=\"wp-image-15946\" srcset=\"https:\/\/drtcapurimac.gob.pe\/portal\/wp-content\/uploads\/2025\/03\/484825900_1068313092000657_6968029570006811732_n-1024x769.jpg 1024w, https:\/\/drtcapurimac.gob.pe\/portal\/wp-content\/uploads\/2025\/03\/484825900_1068313092000657_6968029570006811732_n-300x225.jpg 300w, https:\/\/drtcapurimac.gob.pe\/portal\/wp-content\/uploads\/2025\/03\/484825900_1068313092000657_6968029570006811732_n-768x576.jpg 768w, https:\/\/drtcapurimac.gob.pe\/portal\/wp-content\/uploads\/2025\/03\/484825900_1068313092000657_6968029570006811732_n-1536x1153.jpg 1536w, https:\/\/drtcapurimac.gob.pe\/portal\/wp-content\/uploads\/2025\/03\/484825900_1068313092000657_6968029570006811732_n.jpg 2048w\" sizes=\"auto, (max-width: 1024px) 100vw, 1024px\" \/><\/figure>\n","protected":false},"excerpt":{"rendered":"<p>Por disposici\u00f3n del gobernador regional de Apur\u00edmac, Percy Godoy Medina, se orden\u00f3 de manera inmediata, el traslado de personal especializado y maquinaria pesada para la atenci\u00f3n de emergencia por huayco&hellip; <\/p>\n","protected":false},"author":2,"featured_media":15946,"comment_status":"closed","ping_status":"open","sticky":false,"template":"","format":"standard","meta":{"footnotes":""},"categories":[16],"tags":[],"class_list":["post-15945","post","type-post","status-publish","format-standard","has-post-thumbnail","hentry","category-noticias"],"_links":{"self":[{"href":"https:\/\/drtcapurimac.gob.pe\/portal\/wp-json\/wp\/v2\/posts\/15945","targetHints":{"allow":["GET"]}}],"collection":[{"href":"https:\/\/drtcapurimac.gob.pe\/portal\/wp-json\/wp\/v2\/posts"}],"about":[{"href":"https:\/\/drtcapurimac.gob.pe\/portal\/wp-json\/wp\/v2\/types\/post"}],"author":[{"embeddable":true,"href":"https:\/\/drtcapurimac.gob.pe\/portal\/wp-json\/wp\/v2\/users\/2"}],"replies":[{"embeddable":true,"href":"https:\/\/drtcapurimac.gob.pe\/portal\/wp-json\/wp\/v2\/comments?post=15945"}],"version-history":[{"count":1,"href":"https:\/\/drtcapurimac.gob.pe\/portal\/wp-json\/wp\/v2\/posts\/15945\/revisions"}],"predecessor-version":[{"id":15947,"href":"https:\/\/drtcapurimac.gob.pe\/portal\/wp-json\/wp\/v2\/posts\/15945\/revisions\/15947"}],"wp:featuredmedia":[{"embeddable":true,"href":"https:\/\/drtcapurimac.gob.pe\/portal\/wp-json\/wp\/v2\/media\/15946"}],"wp:attachment":[{"href":"https:\/\/drtcapurimac.gob.pe\/portal\/wp-json\/wp\/v2\/media?parent=15945"}],"wp:term":[{"taxonomy":"category","embeddable":true,"href":"https:\/\/drtcapurimac.gob.pe\/portal\/wp-json\/wp\/v2\/categories?post=15945"},{"taxonomy":"post_tag","embeddable":true,"href":"https:\/\/drtcapurimac.gob.pe\/portal\/wp-json\/wp\/v2\/tags?post=15945"}],"curies":[{"name":"wp","href":"https:\/\/api.w.org\/{rel}","templated":true}]}}