{"id":15414,"date":"2024-12-11T22:02:34","date_gmt":"2024-12-11T22:02:34","guid":{"rendered":"https:\/\/drtcapurimac.gob.pe\/portal\/?p=15414"},"modified":"2024-12-11T22:02:35","modified_gmt":"2024-12-11T22:02:35","slug":"se-realizan-trabajos-finales-en-la-construccion-de-la-via-teneria-chacahuaycco-en-huayllati-grau","status":"publish","type":"post","link":"https:\/\/drtcapurimac.gob.pe\/portal\/se-realizan-trabajos-finales-en-la-construccion-de-la-via-teneria-chacahuaycco-en-huayllati-grau\/","title":{"rendered":"Se realizan trabajos finales en la construcci\u00f3n de la v\u00eda Teneria &#8211; Chacahuaycco en Huayllati &#8211; Grau"},"content":{"rendered":"\n<p>Lograr el cierre de brechas en el sector transport\u00e9 es uno de los principales objetivos de la actual gesti\u00f3n regional encabezada por su gobernador, Percy Godoy Medina, quien mediante la Direcci\u00f3n Regional de Transportes y Comunicaciones, viene realizando la construcci\u00f3n de los 15 kil\u00f3metros de la v\u00eda Teneria &#8211; Chacahuaycco en el distrito de Huayllati, provincia de Grau, trabajo realizado por administraci\u00f3n directa, brindando oportunidad laboral a pobladores de dichas localidades, a la fecha se viene realizando los trabajos finales para su posterior entrega.<\/p>\n\n\n\n<p>Al respecto, el Director Regional de Transportes Ing. Wilmer Calle Cruz, indico que esta v\u00eda de comunicaci\u00f3n dinamizara la econom\u00eda y facilitara el transporte de personas, bienes y servicios, permitiendo el acceso a los servicios de salud y educaci\u00f3n, lo cual es vital para el bienestar de la poblaci\u00f3n, asimismo indico que la construcci\u00f3n de esta v\u00eda tiene un impacto directo en el desarrollo econ\u00f3mico de la zona, pues facilita el transporte de productos agr\u00edcolas y ganaderos hacia mercados locales y regionales, reduciendo los costos y tiempos de transporte.<\/p>\n\n\n\n<p>Finalmente, se\u00f1alo que es un proyecto fundamental para el desarrollo del distrito de Huayllati que no solo mejorar\u00e1 la infraestructura vial, sino que tambi\u00e9n impulsar\u00e1 el crecimiento econ\u00f3mico, social y cultural de las comunidades locales, al mismo tiempo de fomentar la integraci\u00f3n con otras \u00e1reas promoviendo una mejor calidad de vida.<\/p>\n\n\n\n<figure class=\"wp-block-image size-large\"><img loading=\"lazy\" decoding=\"async\" width=\"1024\" height=\"768\" src=\"https:\/\/drtcapurimac.gob.pe\/portal\/wp-content\/uploads\/2024\/12\/469930196_1127817899344836_5937112556069750587_n-1024x768.jpg\" alt=\"\" class=\"wp-image-15415\" srcset=\"https:\/\/drtcapurimac.gob.pe\/portal\/wp-content\/uploads\/2024\/12\/469930196_1127817899344836_5937112556069750587_n-1024x768.jpg 1024w, https:\/\/drtcapurimac.gob.pe\/portal\/wp-content\/uploads\/2024\/12\/469930196_1127817899344836_5937112556069750587_n-300x225.jpg 300w, https:\/\/drtcapurimac.gob.pe\/portal\/wp-content\/uploads\/2024\/12\/469930196_1127817899344836_5937112556069750587_n-768x576.jpg 768w, https:\/\/drtcapurimac.gob.pe\/portal\/wp-content\/uploads\/2024\/12\/469930196_1127817899344836_5937112556069750587_n-1536x1152.jpg 1536w, https:\/\/drtcapurimac.gob.pe\/portal\/wp-content\/uploads\/2024\/12\/469930196_1127817899344836_5937112556069750587_n.jpg 1890w\" sizes=\"auto, (max-width: 1024px) 100vw, 1024px\" \/><\/figure>\n","protected":false},"excerpt":{"rendered":"<p>Lograr el cierre de brechas en el sector transport\u00e9 es uno de los principales objetivos de la actual gesti\u00f3n regional encabezada por su gobernador, Percy Godoy Medina, quien mediante la&hellip; <\/p>\n","protected":false},"author":2,"featured_media":15415,"comment_status":"closed","ping_status":"open","sticky":false,"template":"","format":"standard","meta":{"footnotes":""},"categories":[3,16],"tags":[],"class_list":["post-15414","post","type-post","status-publish","format-standard","has-post-thumbnail","hentry","category-direccion-de-caminos","category-noticias"],"_links":{"self":[{"href":"https:\/\/drtcapurimac.gob.pe\/portal\/wp-json\/wp\/v2\/posts\/15414","targetHints":{"allow":["GET"]}}],"collection":[{"href":"https:\/\/drtcapurimac.gob.pe\/portal\/wp-json\/wp\/v2\/posts"}],"about":[{"href":"https:\/\/drtcapurimac.gob.pe\/portal\/wp-json\/wp\/v2\/types\/post"}],"author":[{"embeddable":true,"href":"https:\/\/drtcapurimac.gob.pe\/portal\/wp-json\/wp\/v2\/users\/2"}],"replies":[{"embeddable":true,"href":"https:\/\/drtcapurimac.gob.pe\/portal\/wp-json\/wp\/v2\/comments?post=15414"}],"version-history":[{"count":1,"href":"https:\/\/drtcapurimac.gob.pe\/portal\/wp-json\/wp\/v2\/posts\/15414\/revisions"}],"predecessor-version":[{"id":15416,"href":"https:\/\/drtcapurimac.gob.pe\/portal\/wp-json\/wp\/v2\/posts\/15414\/revisions\/15416"}],"wp:featuredmedia":[{"embeddable":true,"href":"https:\/\/drtcapurimac.gob.pe\/portal\/wp-json\/wp\/v2\/media\/15415"}],"wp:attachment":[{"href":"https:\/\/drtcapurimac.gob.pe\/portal\/wp-json\/wp\/v2\/media?parent=15414"}],"wp:term":[{"taxonomy":"category","embeddable":true,"href":"https:\/\/drtcapurimac.gob.pe\/portal\/wp-json\/wp\/v2\/categories?post=15414"},{"taxonomy":"post_tag","embeddable":true,"href":"https:\/\/drtcapurimac.gob.pe\/portal\/wp-json\/wp\/v2\/tags?post=15414"}],"curies":[{"name":"wp","href":"https:\/\/api.w.org\/{rel}","templated":true}]}}