{"id":15402,"date":"2024-12-11T21:55:30","date_gmt":"2024-12-11T21:55:30","guid":{"rendered":"https:\/\/drtcapurimac.gob.pe\/portal\/?p=15402"},"modified":"2024-12-11T21:55:31","modified_gmt":"2024-12-11T21:55:31","slug":"de-manera-acelerada-continuan-trabajos-de-mantenimiento-y-migracion-satelital-de-radio-y-television-en-vito-antabamba","status":"publish","type":"post","link":"https:\/\/drtcapurimac.gob.pe\/portal\/de-manera-acelerada-continuan-trabajos-de-mantenimiento-y-migracion-satelital-de-radio-y-television-en-vito-antabamba\/","title":{"rendered":"De manera acelerada contin\u00faan trabajos de mantenimiento y  migraci\u00f3n satelital de Radio y Televisi\u00f3n en Vito &#8211;  Antabamba."},"content":{"rendered":"\n<p>El Gobierno Regional de Apur\u00edmac, a trav\u00e9s de la Direcci\u00f3n Regional de Transportes y Comunicaciones &#8211; Direcci\u00f3n de Telecomunicaciones, contin\u00faa realizando los trabajos de mantenimiento y migraci\u00f3n satelital a la nueva (Banda KU) en la localidad de Vito, ubicada en la provincia de Antabamba, este proceso forma parte de un esfuerzo por mejorar la conectividad en zonas rurales de la regi\u00f3n, utilizando tecnolog\u00eda satelital para ofrecer acceso a una mejor se\u00f1al de Radio y Televisi\u00f3n Nacional del Per\u00fa, <\/p>\n\n\n\n<p>Al respecto, el Director Regional de Transportes y Comunicaciones, Ing. Wilmer Calle Cruz, indico que la migraci\u00f3n a la Banda Ku implica la sustituci\u00f3n de sistemas antiguos por una nueva se\u00f1al en (calidad HD en televisi\u00f3n y STEREO en radio) que mejorar\u00e1 la capacidad de cobertura, permitiendo una conexi\u00f3n m\u00e1s estable y eficiente. <\/p>\n\n\n\n<p>Este proyecto beneficiar\u00e1 al centro poblado de Vito y facilitar\u00e1 el acceso a servicios digitales como la educaci\u00f3n en l\u00ednea, la telemedicina y otras herramientas importantes para el desarrollo de la zona.Con esta acci\u00f3n, el gobierno regional busca reducir la brecha digital y fomentar el desarrollo educativo, econ\u00f3mico y social en \u00e1reas alejadas de la regi\u00f3n, mejorando las condiciones de vida y acceso a la informaci\u00f3n para los habitantes de Vito y otras localidades cercanas.<\/p>\n\n\n\n<figure class=\"wp-block-image size-large\"><img loading=\"lazy\" decoding=\"async\" width=\"1024\" height=\"768\" src=\"https:\/\/drtcapurimac.gob.pe\/portal\/wp-content\/uploads\/2024\/12\/469256646_1123815946411698_7722123848933895258_n-1024x768.jpg\" alt=\"\" class=\"wp-image-15403\" srcset=\"https:\/\/drtcapurimac.gob.pe\/portal\/wp-content\/uploads\/2024\/12\/469256646_1123815946411698_7722123848933895258_n-1024x768.jpg 1024w, https:\/\/drtcapurimac.gob.pe\/portal\/wp-content\/uploads\/2024\/12\/469256646_1123815946411698_7722123848933895258_n-300x225.jpg 300w, https:\/\/drtcapurimac.gob.pe\/portal\/wp-content\/uploads\/2024\/12\/469256646_1123815946411698_7722123848933895258_n-768x576.jpg 768w, https:\/\/drtcapurimac.gob.pe\/portal\/wp-content\/uploads\/2024\/12\/469256646_1123815946411698_7722123848933895258_n-1536x1152.jpg 1536w, https:\/\/drtcapurimac.gob.pe\/portal\/wp-content\/uploads\/2024\/12\/469256646_1123815946411698_7722123848933895258_n.jpg 1890w\" sizes=\"auto, (max-width: 1024px) 100vw, 1024px\" \/><\/figure>\n","protected":false},"excerpt":{"rendered":"<p>El Gobierno Regional de Apur\u00edmac, a trav\u00e9s de la Direcci\u00f3n Regional de Transportes y Comunicaciones &#8211; Direcci\u00f3n de Telecomunicaciones, contin\u00faa realizando los trabajos de mantenimiento y migraci\u00f3n satelital a la&hellip; <\/p>\n","protected":false},"author":2,"featured_media":15403,"comment_status":"closed","ping_status":"open","sticky":false,"template":"","format":"standard","meta":{"footnotes":""},"categories":[4,16],"tags":[],"class_list":["post-15402","post","type-post","status-publish","format-standard","has-post-thumbnail","hentry","category-direccion-de-telecomunicaciones","category-noticias"],"_links":{"self":[{"href":"https:\/\/drtcapurimac.gob.pe\/portal\/wp-json\/wp\/v2\/posts\/15402","targetHints":{"allow":["GET"]}}],"collection":[{"href":"https:\/\/drtcapurimac.gob.pe\/portal\/wp-json\/wp\/v2\/posts"}],"about":[{"href":"https:\/\/drtcapurimac.gob.pe\/portal\/wp-json\/wp\/v2\/types\/post"}],"author":[{"embeddable":true,"href":"https:\/\/drtcapurimac.gob.pe\/portal\/wp-json\/wp\/v2\/users\/2"}],"replies":[{"embeddable":true,"href":"https:\/\/drtcapurimac.gob.pe\/portal\/wp-json\/wp\/v2\/comments?post=15402"}],"version-history":[{"count":1,"href":"https:\/\/drtcapurimac.gob.pe\/portal\/wp-json\/wp\/v2\/posts\/15402\/revisions"}],"predecessor-version":[{"id":15404,"href":"https:\/\/drtcapurimac.gob.pe\/portal\/wp-json\/wp\/v2\/posts\/15402\/revisions\/15404"}],"wp:featuredmedia":[{"embeddable":true,"href":"https:\/\/drtcapurimac.gob.pe\/portal\/wp-json\/wp\/v2\/media\/15403"}],"wp:attachment":[{"href":"https:\/\/drtcapurimac.gob.pe\/portal\/wp-json\/wp\/v2\/media?parent=15402"}],"wp:term":[{"taxonomy":"category","embeddable":true,"href":"https:\/\/drtcapurimac.gob.pe\/portal\/wp-json\/wp\/v2\/categories?post=15402"},{"taxonomy":"post_tag","embeddable":true,"href":"https:\/\/drtcapurimac.gob.pe\/portal\/wp-json\/wp\/v2\/tags?post=15402"}],"curies":[{"name":"wp","href":"https:\/\/api.w.org\/{rel}","templated":true}]}}