{"id":15105,"date":"2024-11-27T19:55:03","date_gmt":"2024-11-27T19:55:03","guid":{"rendered":"https:\/\/drtcapurimac.gob.pe\/portal\/?p=15105"},"modified":"2024-11-27T19:55:04","modified_gmt":"2024-11-27T19:55:04","slug":"se-realizaron-trabajos-de-migracion-satelital-de-television-a-la-nueva-banda-ku-en-la-localidad-de-antilla-curahuasi-2","status":"publish","type":"post","link":"https:\/\/drtcapurimac.gob.pe\/portal\/se-realizaron-trabajos-de-migracion-satelital-de-television-a-la-nueva-banda-ku-en-la-localidad-de-antilla-curahuasi-2\/","title":{"rendered":"Se realizaron trabajos de migraci\u00f3n satelital de televisi\u00f3n a la nueva banda KU en la localidad de Antilla &#8211; Curahuasi"},"content":{"rendered":"\n<p>El Gobierno Regional de Apur\u00edmac, mediante la Direcci\u00f3n Regional de Transportes y Comunicaciones &#8211; Direcci\u00f3n de Telecomunicaciones, realiz\u00f3 trabajos de migraci\u00f3n satelital de se\u00f1al de Televisi\u00f3n Nacional del Per\u00fa a la nueva banda KU, en la localidad de Antilla distrito de Curahuasi, dejando operativo el servicio de televisi\u00f3n en beneficio de toda la poblaci\u00f3n en general.<\/p>\n\n\n\n<figure class=\"wp-block-image size-large\"><img loading=\"lazy\" decoding=\"async\" width=\"543\" height=\"715\" src=\"https:\/\/drtcapurimac.gob.pe\/portal\/wp-content\/uploads\/2024\/11\/468544628_1116156247177668_7376139497702480204_n-2.jpg\" alt=\"\" class=\"wp-image-15108\" srcset=\"https:\/\/drtcapurimac.gob.pe\/portal\/wp-content\/uploads\/2024\/11\/468544628_1116156247177668_7376139497702480204_n-2.jpg 543w, https:\/\/drtcapurimac.gob.pe\/portal\/wp-content\/uploads\/2024\/11\/468544628_1116156247177668_7376139497702480204_n-2-228x300.jpg 228w\" sizes=\"auto, (max-width: 543px) 100vw, 543px\" \/><\/figure>\n","protected":false},"excerpt":{"rendered":"<p>El Gobierno Regional de Apur\u00edmac, mediante la Direcci\u00f3n Regional de Transportes y Comunicaciones &#8211; Direcci\u00f3n de Telecomunicaciones, realiz\u00f3 trabajos de migraci\u00f3n satelital de se\u00f1al de Televisi\u00f3n Nacional del Per\u00fa a&hellip; <\/p>\n","protected":false},"author":2,"featured_media":15108,"comment_status":"closed","ping_status":"open","sticky":false,"template":"","format":"standard","meta":{"footnotes":""},"categories":[4,16],"tags":[],"class_list":["post-15105","post","type-post","status-publish","format-standard","has-post-thumbnail","hentry","category-direccion-de-telecomunicaciones","category-noticias"],"_links":{"self":[{"href":"https:\/\/drtcapurimac.gob.pe\/portal\/wp-json\/wp\/v2\/posts\/15105","targetHints":{"allow":["GET"]}}],"collection":[{"href":"https:\/\/drtcapurimac.gob.pe\/portal\/wp-json\/wp\/v2\/posts"}],"about":[{"href":"https:\/\/drtcapurimac.gob.pe\/portal\/wp-json\/wp\/v2\/types\/post"}],"author":[{"embeddable":true,"href":"https:\/\/drtcapurimac.gob.pe\/portal\/wp-json\/wp\/v2\/users\/2"}],"replies":[{"embeddable":true,"href":"https:\/\/drtcapurimac.gob.pe\/portal\/wp-json\/wp\/v2\/comments?post=15105"}],"version-history":[{"count":1,"href":"https:\/\/drtcapurimac.gob.pe\/portal\/wp-json\/wp\/v2\/posts\/15105\/revisions"}],"predecessor-version":[{"id":15109,"href":"https:\/\/drtcapurimac.gob.pe\/portal\/wp-json\/wp\/v2\/posts\/15105\/revisions\/15109"}],"wp:featuredmedia":[{"embeddable":true,"href":"https:\/\/drtcapurimac.gob.pe\/portal\/wp-json\/wp\/v2\/media\/15108"}],"wp:attachment":[{"href":"https:\/\/drtcapurimac.gob.pe\/portal\/wp-json\/wp\/v2\/media?parent=15105"}],"wp:term":[{"taxonomy":"category","embeddable":true,"href":"https:\/\/drtcapurimac.gob.pe\/portal\/wp-json\/wp\/v2\/categories?post=15105"},{"taxonomy":"post_tag","embeddable":true,"href":"https:\/\/drtcapurimac.gob.pe\/portal\/wp-json\/wp\/v2\/tags?post=15105"}],"curies":[{"name":"wp","href":"https:\/\/api.w.org\/{rel}","templated":true}]}}