{"id":14555,"date":"2024-10-10T17:13:40","date_gmt":"2024-10-10T17:13:40","guid":{"rendered":"https:\/\/drtcapurimac.gob.pe\/portal\/?p=14555"},"modified":"2024-10-10T17:13:42","modified_gmt":"2024-10-10T17:13:42","slug":"resena-historica-de-la-direccion-regional-de-transportes-y-comunicaciones-de-apurimac","status":"publish","type":"post","link":"https:\/\/drtcapurimac.gob.pe\/portal\/resena-historica-de-la-direccion-regional-de-transportes-y-comunicaciones-de-apurimac\/","title":{"rendered":"RESE\u00d1A HIST\u00d3RICA DE LA DIRECCI\u00d3N REGIONAL DE TRANSPORTES Y COMUNICACIONES DE APUR\u00cdMAC"},"content":{"rendered":"\n<p>\u201cDEL D\u00cdA DEL CAMINERO\u201d<\/p>\n\n\n\n<p>EL D\u00cdA DEL TRABAJADOR CAMINERO SE FESTEJA CADA 05 DE OCTUBRE DESDE EL A\u00d1O 1925, porque en ese a\u00f1o se realiz\u00f3 en Buenos Aires el Primer Congreso Panamericano de carreteras, en nuestro pa\u00eds seg\u00fan R.M. N\u00b0 755 \u2013 2008 \u2013 MTC de fecha 15 de octubre del 2008, se instituyo el 5 de octubre como el \u201cD\u00eda del Camino\u201d. como fecha de enorme importancia en el Per\u00fa y a nivel del continente sudamericano.<\/p>\n\n\n\n<p>La Direcci\u00f3n Regional de Transportes y Comunicaciones de Apur\u00edmac a la fecha cumple 83 a\u00f1os de creaci\u00f3n, seg\u00fan documento fuente del testimonio de fecha 09 de setiembre de 1941 que evidencia la ficha registral de la construcci\u00f3n de la vivienda, que se encuentra en la Partida Registrar N\u00b002008002 Tomo 42 fija 167, en el asiento 2 ante la Super Intendencia Nacional de Registros P\u00fablicos &#8211; SUNARP. con denominaci\u00f3n Ministerio de Fomento, Direcci\u00f3n de Caminos y Ferrocarriles representado por el Ing. Departamental Max Del CAROIO y esta entidad, fue una Instituci\u00f3n descentralizada del Ministerio de Transporte Y Comunicaciones de Lima, En el Departamento de Apurimac, Provincia y Distrito de Abancay se institucionaliza en el a\u00f1o 1941 como Ministerio de Fomento, Direcci\u00f3n de Caminos y Ferrocarriles con dependencia jer\u00e1rquica y funcional de la Sede Central de la Direcci\u00f3n General de Caminos de Lima, a trav\u00e9s del tiempo hasta que en los \u00faltimos a\u00f1os de los gobiernos democr\u00e1ticos oficializa esta denominaci\u00f3n a trav\u00e9s del Decreto Legislativo N\u00ba 96 del 29-05-81 y Decreto Supremo N\u00b0036-81-TC. Que aprueba el Reglamento de Organizaciones y Funciones del Ministerio Transportes y Comunicaciones, donde aparece como \u00f3rgano de l\u00ednea desconcentrado. de acuerdo al D.S.N\u00ba071-98-PCM. Ley de Bases de la Regionalizaci\u00f3n, Ley N\u00ba 24650-Texto \u00danico Ordenado de la Ley de Bases de Regionalizaci\u00f3n y Ley Org\u00e1nica de la Regi\u00f3n Inka N\u00ba 24985, en las disposiciones complementarias art\u00edculo primero se transfiere las funciones de personal, los recursos materiales, presupuestales y financieros y el acervo documentario de los diferentes Sectores,<\/p>\n\n\n\n<p> <\/p>\n\n\n\n<p>la Direcci\u00f3n Departamental de Caminos de Apur\u00edmac y con Resoluci\u00f3n Ejecutiva Regional N\u00ba 041-91-P-GRI del 27-03-91 se incorpora a la Estructura Org\u00e1nica de la Oficina Sub-Regional de Desarrollo de Apur\u00edmac como \u00d3rgano de Direcci\u00f3n Sub Regional de Transportes, Viabilidad, Comunicaciones y Construcci\u00f3n Apur\u00edmac, modific\u00e1ndose de acuerdo a las Normas complementarias, esta denominaci\u00f3n con Direcci\u00f3n Sub-Regional de Trasportes, Comunicaciones, vivienda y Construcci\u00f3n de Apur\u00edmac. Luego con Resoluci\u00f3n Ejecutiva Presidencial N\u00ba428-99-CTAR-APURIMAC, que aprueba el Organigrama Estructural y el Reglamento de Organizaci\u00f3n y funciones de la Direcci\u00f3n Regional de Transportes y Comunicaciones, que tiene por finalidad promover e impulsar el desarrollo socioecon\u00f3mico sostenido y arm\u00f3nico de la Regi\u00f3n de Apur\u00edmac, revalorando sus patrones culturales, la prestaci\u00f3n de servicios p\u00fablicos y administrativos de impulsando las obras viales, infraestructura b\u00e1sica en actividades de construcci\u00f3n, rehabilitaci\u00f3n, mantenimiento y conservaci\u00f3n de la infraestructura de la Red vial de Transportes Terrestre, control en la prestaci\u00f3n de servicios de Transporte Terrestre de Pasajeros y Carga, Expedici\u00f3n de Licencias de Conducir y Seguridad Vial, mejorando la calidad de vida de la poblaci\u00f3n y promoviendo la participaci\u00f3n de la Inversi\u00f3n P\u00fablica.<\/p>\n\n\n\n<p>En el a\u00f1o 2002 se promulga la Ley N\u00b027783 Ley de Bases de la Descentralizaci\u00f3n con fecha de 20 de Julio del 2002, modificado por la Ley N\u00ba 27902 Ley Org\u00e1nica de Gobiernos Regionales publicado el 1 de enero del 2003 , a la fecha la Direcci\u00f3n Regional de Transportes y Comunicaciones de Apur\u00edmac es un \u00d3rgano desconcentrado con dependencia Administrativa y Presupuestal del Pliego N\u00ba 442 del Gobierno Regional de Apur\u00edmac, estructuralmente es una Unidad Ejecutora 200, que Presupuestal y Administrativamente pertenece a la Regi\u00f3n de Apur\u00edmac. <\/p>\n\n\n\n<p>A los largo de estos 83 a\u00f1os de vida institucional esta importante direccion regional a contribuidos con el desarrollo de nuestra region mediante la construcci\u00f3n de las principales vias de comunicaci\u00f3n de la region Apur\u00edmac la cual busca dinamizar la econom\u00eda de las 7 provincias, permitiendo mejorar la calidad en el transporte, educaci\u00f3n y salud.<\/p>\n\n\n\n<figure class=\"wp-block-image size-large\"><img loading=\"lazy\" decoding=\"async\" width=\"1024\" height=\"768\" src=\"https:\/\/drtcapurimac.gob.pe\/portal\/wp-content\/uploads\/2024\/10\/462145491_1074085158051444_4372639129666397249_n-1024x768.jpg\" alt=\"\" class=\"wp-image-14556\" srcset=\"https:\/\/drtcapurimac.gob.pe\/portal\/wp-content\/uploads\/2024\/10\/462145491_1074085158051444_4372639129666397249_n-1024x768.jpg 1024w, https:\/\/drtcapurimac.gob.pe\/portal\/wp-content\/uploads\/2024\/10\/462145491_1074085158051444_4372639129666397249_n-300x225.jpg 300w, https:\/\/drtcapurimac.gob.pe\/portal\/wp-content\/uploads\/2024\/10\/462145491_1074085158051444_4372639129666397249_n-768x576.jpg 768w, https:\/\/drtcapurimac.gob.pe\/portal\/wp-content\/uploads\/2024\/10\/462145491_1074085158051444_4372639129666397249_n-1536x1152.jpg 1536w, https:\/\/drtcapurimac.gob.pe\/portal\/wp-content\/uploads\/2024\/10\/462145491_1074085158051444_4372639129666397249_n.jpg 1890w\" sizes=\"auto, (max-width: 1024px) 100vw, 1024px\" \/><\/figure>\n","protected":false},"excerpt":{"rendered":"<p>\u201cDEL D\u00cdA DEL CAMINERO\u201d EL D\u00cdA DEL TRABAJADOR CAMINERO SE FESTEJA CADA 05 DE OCTUBRE DESDE EL A\u00d1O 1925, porque en ese a\u00f1o se realiz\u00f3 en Buenos Aires el Primer&hellip; <\/p>\n","protected":false},"author":2,"featured_media":14556,"comment_status":"closed","ping_status":"open","sticky":false,"template":"","format":"standard","meta":{"footnotes":""},"categories":[16],"tags":[],"class_list":["post-14555","post","type-post","status-publish","format-standard","has-post-thumbnail","hentry","category-noticias"],"_links":{"self":[{"href":"https:\/\/drtcapurimac.gob.pe\/portal\/wp-json\/wp\/v2\/posts\/14555","targetHints":{"allow":["GET"]}}],"collection":[{"href":"https:\/\/drtcapurimac.gob.pe\/portal\/wp-json\/wp\/v2\/posts"}],"about":[{"href":"https:\/\/drtcapurimac.gob.pe\/portal\/wp-json\/wp\/v2\/types\/post"}],"author":[{"embeddable":true,"href":"https:\/\/drtcapurimac.gob.pe\/portal\/wp-json\/wp\/v2\/users\/2"}],"replies":[{"embeddable":true,"href":"https:\/\/drtcapurimac.gob.pe\/portal\/wp-json\/wp\/v2\/comments?post=14555"}],"version-history":[{"count":1,"href":"https:\/\/drtcapurimac.gob.pe\/portal\/wp-json\/wp\/v2\/posts\/14555\/revisions"}],"predecessor-version":[{"id":14557,"href":"https:\/\/drtcapurimac.gob.pe\/portal\/wp-json\/wp\/v2\/posts\/14555\/revisions\/14557"}],"wp:featuredmedia":[{"embeddable":true,"href":"https:\/\/drtcapurimac.gob.pe\/portal\/wp-json\/wp\/v2\/media\/14556"}],"wp:attachment":[{"href":"https:\/\/drtcapurimac.gob.pe\/portal\/wp-json\/wp\/v2\/media?parent=14555"}],"wp:term":[{"taxonomy":"category","embeddable":true,"href":"https:\/\/drtcapurimac.gob.pe\/portal\/wp-json\/wp\/v2\/categories?post=14555"},{"taxonomy":"post_tag","embeddable":true,"href":"https:\/\/drtcapurimac.gob.pe\/portal\/wp-json\/wp\/v2\/tags?post=14555"}],"curies":[{"name":"wp","href":"https:\/\/api.w.org\/{rel}","templated":true}]}}