{"id":14040,"date":"2024-09-09T13:28:42","date_gmt":"2024-09-09T13:28:42","guid":{"rendered":"https:\/\/drtcapurimac.gob.pe\/portal\/?p=14040"},"modified":"2024-09-09T13:28:42","modified_gmt":"2024-09-09T13:28:42","slug":"gobierno-regional-de-apurimac-realizara-segunda-audiencia-publica-regional-de-rendicion-de-cuentas-en-curahuasi-abancay","status":"publish","type":"post","link":"https:\/\/drtcapurimac.gob.pe\/portal\/gobierno-regional-de-apurimac-realizara-segunda-audiencia-publica-regional-de-rendicion-de-cuentas-en-curahuasi-abancay\/","title":{"rendered":"GOBIERNO REGIONAL DE APUR\u00cdMAC REALIZAR\u00c1 SEGUNDA AUDIENCIA P\u00daBLICA REGIONAL DE RENDICI\u00d3N DE CUENTAS EN CURAHUASI \u2013 ABANCAY"},"content":{"rendered":"\n<p>Ratificando los logros de una gesti\u00f3n transparente y democr\u00e1tica, el gobernador regional de Apur\u00edmac, Percy Godoy Medina, dispuso que la Segunda Audiencia P\u00fablica Regional de Rendici\u00f3n de Cuentas 2024, se desarrolle en el centro poblado de Ccoc-hua del distrito de Curahuasi, provincia de Abancay, el viernes 27 de setiembre a partir de las 9 de la ma\u00f1ana.<\/p>\n\n\n\n<figure class=\"wp-block-image size-large\"><img loading=\"lazy\" decoding=\"async\" width=\"855\" height=\"1024\" src=\"https:\/\/drtcapurimac.gob.pe\/portal\/wp-content\/uploads\/2024\/09\/457047813_919116433586991_1685681123945479896_n-855x1024.jpg\" alt=\"\" class=\"wp-image-14041\" srcset=\"https:\/\/drtcapurimac.gob.pe\/portal\/wp-content\/uploads\/2024\/09\/457047813_919116433586991_1685681123945479896_n-855x1024.jpg 855w, https:\/\/drtcapurimac.gob.pe\/portal\/wp-content\/uploads\/2024\/09\/457047813_919116433586991_1685681123945479896_n-250x300.jpg 250w, https:\/\/drtcapurimac.gob.pe\/portal\/wp-content\/uploads\/2024\/09\/457047813_919116433586991_1685681123945479896_n-768x920.jpg 768w, https:\/\/drtcapurimac.gob.pe\/portal\/wp-content\/uploads\/2024\/09\/457047813_919116433586991_1685681123945479896_n-1283x1536.jpg 1283w, https:\/\/drtcapurimac.gob.pe\/portal\/wp-content\/uploads\/2024\/09\/457047813_919116433586991_1685681123945479896_n.jpg 1710w\" sizes=\"auto, (max-width: 855px) 100vw, 855px\" \/><\/figure>\n","protected":false},"excerpt":{"rendered":"<p>Ratificando los logros de una gesti\u00f3n transparente y democr\u00e1tica, el gobernador regional de Apur\u00edmac, Percy Godoy Medina, dispuso que la Segunda Audiencia P\u00fablica Regional de Rendici\u00f3n de Cuentas 2024, se&hellip; <\/p>\n","protected":false},"author":2,"featured_media":14041,"comment_status":"closed","ping_status":"open","sticky":false,"template":"","format":"standard","meta":{"footnotes":""},"categories":[16],"tags":[],"class_list":["post-14040","post","type-post","status-publish","format-standard","has-post-thumbnail","hentry","category-noticias"],"_links":{"self":[{"href":"https:\/\/drtcapurimac.gob.pe\/portal\/wp-json\/wp\/v2\/posts\/14040","targetHints":{"allow":["GET"]}}],"collection":[{"href":"https:\/\/drtcapurimac.gob.pe\/portal\/wp-json\/wp\/v2\/posts"}],"about":[{"href":"https:\/\/drtcapurimac.gob.pe\/portal\/wp-json\/wp\/v2\/types\/post"}],"author":[{"embeddable":true,"href":"https:\/\/drtcapurimac.gob.pe\/portal\/wp-json\/wp\/v2\/users\/2"}],"replies":[{"embeddable":true,"href":"https:\/\/drtcapurimac.gob.pe\/portal\/wp-json\/wp\/v2\/comments?post=14040"}],"version-history":[{"count":1,"href":"https:\/\/drtcapurimac.gob.pe\/portal\/wp-json\/wp\/v2\/posts\/14040\/revisions"}],"predecessor-version":[{"id":14042,"href":"https:\/\/drtcapurimac.gob.pe\/portal\/wp-json\/wp\/v2\/posts\/14040\/revisions\/14042"}],"wp:featuredmedia":[{"embeddable":true,"href":"https:\/\/drtcapurimac.gob.pe\/portal\/wp-json\/wp\/v2\/media\/14041"}],"wp:attachment":[{"href":"https:\/\/drtcapurimac.gob.pe\/portal\/wp-json\/wp\/v2\/media?parent=14040"}],"wp:term":[{"taxonomy":"category","embeddable":true,"href":"https:\/\/drtcapurimac.gob.pe\/portal\/wp-json\/wp\/v2\/categories?post=14040"},{"taxonomy":"post_tag","embeddable":true,"href":"https:\/\/drtcapurimac.gob.pe\/portal\/wp-json\/wp\/v2\/tags?post=14040"}],"curies":[{"name":"wp","href":"https:\/\/api.w.org\/{rel}","templated":true}]}}