{"id":11231,"date":"2024-02-01T23:46:59","date_gmt":"2024-02-01T23:46:59","guid":{"rendered":"https:\/\/drtcapurimac.gob.pe\/portal\/?p=11231"},"modified":"2024-02-01T23:47:00","modified_gmt":"2024-02-01T23:47:00","slug":"trabajamos-por-la-seguridad-vial-de-la-region-se-desarrollo-primera-reunion-del-coresevi-apurimac","status":"publish","type":"post","link":"https:\/\/drtcapurimac.gob.pe\/portal\/trabajamos-por-la-seguridad-vial-de-la-region-se-desarrollo-primera-reunion-del-coresevi-apurimac\/","title":{"rendered":"Trabajamos por la seguridad vial de la regi\u00f3n, se desarroll\u00f3 primera reuni\u00f3n del CORESEVI Apur\u00edmac."},"content":{"rendered":"\n<p>Con el objetivo de trabajar de manera coordinada con todos los miembros integrantes del Consejo Regional de Seguridad y Educaci\u00f3n vial de Apur\u00edmac (CORESEVI) se desarroll\u00f3 la primera reuni\u00f3n de trabajo contando con la participaci\u00f3n de la totalidad de los integrantes, dicha actividad se desarroll\u00f3 hoy en horas de la ma\u00f1ana en el auditorio de la Direcci\u00f3n Regional de Transportes y Comunicaciones de Apur\u00edmac.<\/p>\n\n\n\n<p>La encargada de dar la apertura y palabras de bienvenida en representaci\u00f3n del secretario t\u00e9cnico del CORESEVI Apur\u00edmac, Ing. Wilmer Calle Cruz, fue la Directora de Circulaci\u00f3n Terrestre, abogada Andrea Calder\u00f3n, quien felicito la predisposici\u00f3n de todas las autoridades para trabajar por la seguridad vial de toda la regi\u00f3n, la funcionaria refiri\u00f3 que en el transcurso del a\u00f1o se desarrollaran diferentes actividades como campa\u00f1as destinadas a sensibilizar a los transportistas y a la poblaci\u00f3n en general sobre la importancia de la vial. <\/p>\n\n\n\n<p>De otro lado, el responsable de educaci\u00f3n y seguridad vial de la Direcci\u00f3n Regional de Transportes y Comunicaciones, Profesor Agust\u00edn Guevara \u00c1valos, hizo un resumen sobre las actividades desarrolladas en el a\u00f1o 2023, exhorto adem\u00e1s la participaci\u00f3n activa de todas las autoridades presentes en las diferentes actividades que se programar\u00e1n para el presente a\u00f1o como cursos de capacitaci\u00f3n para conductores, cursos de capacitaci\u00f3n para escolares, marchas de sensibilizaci\u00f3n y campa\u00f1as de seguridad vial.<\/p>\n\n\n\n<figure class=\"wp-block-image size-large\"><img loading=\"lazy\" decoding=\"async\" width=\"1024\" height=\"678\" src=\"https:\/\/drtcapurimac.gob.pe\/portal\/wp-content\/uploads\/2024\/02\/421561059_893331446126817_6502496087289109254_n-1024x678.jpg\" alt=\"\" class=\"wp-image-11232\" srcset=\"https:\/\/drtcapurimac.gob.pe\/portal\/wp-content\/uploads\/2024\/02\/421561059_893331446126817_6502496087289109254_n-1024x678.jpg 1024w, https:\/\/drtcapurimac.gob.pe\/portal\/wp-content\/uploads\/2024\/02\/421561059_893331446126817_6502496087289109254_n-300x199.jpg 300w, https:\/\/drtcapurimac.gob.pe\/portal\/wp-content\/uploads\/2024\/02\/421561059_893331446126817_6502496087289109254_n-768x509.jpg 768w, https:\/\/drtcapurimac.gob.pe\/portal\/wp-content\/uploads\/2024\/02\/421561059_893331446126817_6502496087289109254_n-1536x1017.jpg 1536w, https:\/\/drtcapurimac.gob.pe\/portal\/wp-content\/uploads\/2024\/02\/421561059_893331446126817_6502496087289109254_n.jpg 2048w\" sizes=\"auto, (max-width: 1024px) 100vw, 1024px\" \/><\/figure>\n","protected":false},"excerpt":{"rendered":"<p>Con el objetivo de trabajar de manera coordinada con todos los miembros integrantes del Consejo Regional de Seguridad y Educaci\u00f3n vial de Apur\u00edmac (CORESEVI) se desarroll\u00f3 la primera reuni\u00f3n de&hellip; <\/p>\n","protected":false},"author":2,"featured_media":11232,"comment_status":"closed","ping_status":"open","sticky":false,"template":"","format":"standard","meta":{"footnotes":""},"categories":[2,16],"tags":[],"class_list":["post-11231","post","type-post","status-publish","format-standard","has-post-thumbnail","hentry","category-direccion-de-circulacion-terrestre","category-noticias"],"_links":{"self":[{"href":"https:\/\/drtcapurimac.gob.pe\/portal\/wp-json\/wp\/v2\/posts\/11231","targetHints":{"allow":["GET"]}}],"collection":[{"href":"https:\/\/drtcapurimac.gob.pe\/portal\/wp-json\/wp\/v2\/posts"}],"about":[{"href":"https:\/\/drtcapurimac.gob.pe\/portal\/wp-json\/wp\/v2\/types\/post"}],"author":[{"embeddable":true,"href":"https:\/\/drtcapurimac.gob.pe\/portal\/wp-json\/wp\/v2\/users\/2"}],"replies":[{"embeddable":true,"href":"https:\/\/drtcapurimac.gob.pe\/portal\/wp-json\/wp\/v2\/comments?post=11231"}],"version-history":[{"count":1,"href":"https:\/\/drtcapurimac.gob.pe\/portal\/wp-json\/wp\/v2\/posts\/11231\/revisions"}],"predecessor-version":[{"id":11233,"href":"https:\/\/drtcapurimac.gob.pe\/portal\/wp-json\/wp\/v2\/posts\/11231\/revisions\/11233"}],"wp:featuredmedia":[{"embeddable":true,"href":"https:\/\/drtcapurimac.gob.pe\/portal\/wp-json\/wp\/v2\/media\/11232"}],"wp:attachment":[{"href":"https:\/\/drtcapurimac.gob.pe\/portal\/wp-json\/wp\/v2\/media?parent=11231"}],"wp:term":[{"taxonomy":"category","embeddable":true,"href":"https:\/\/drtcapurimac.gob.pe\/portal\/wp-json\/wp\/v2\/categories?post=11231"},{"taxonomy":"post_tag","embeddable":true,"href":"https:\/\/drtcapurimac.gob.pe\/portal\/wp-json\/wp\/v2\/tags?post=11231"}],"curies":[{"name":"wp","href":"https:\/\/api.w.org\/{rel}","templated":true}]}}