{"id":1092,"date":"2020-10-01T13:57:36","date_gmt":"2020-10-01T13:57:36","guid":{"rendered":"https:\/\/drtcapurimac.gob.pe\/portal\/?p=1092"},"modified":"2020-10-04T00:37:14","modified_gmt":"2020-10-04T00:37:14","slug":"director-de-transportes-sostuvo-reunion-de-trabajo-con-el-consejero-de-la-provincia-de-grau","status":"publish","type":"post","link":"https:\/\/drtcapurimac.gob.pe\/portal\/director-de-transportes-sostuvo-reunion-de-trabajo-con-el-consejero-de-la-provincia-de-grau\/","title":{"rendered":"Director de Transportes sostuvo reuni\u00f3n de trabajo con el consejero de la Provincia de Grau."},"content":{"rendered":"\n<p>El Director Regional de Transportes y Comunicaciones de Apur\u00edmac Ing. Nevely Peralta Capcha sostuvo reuni\u00f3n de trabajo con el consejero por la provincia de Grau Wilfredo Pareja para tangibilizar importantes proyectos viales en beneficio de la mencionada provincia.Esta importante reuni\u00f3n obedece a que la actual gesti\u00f3n regional encabezada por el Gobernador Regional Lic. Baltazar Lantar\u00f3n N\u00fa\u00f1ez le brinda apertura a todos nuestros hermanos apurime\u00f1os, buscando que las poblaciones m\u00e1s alejadas tengan mejores condiciones de vida.<\/p>\n\n\n\n<figure class=\"wp-block-image size-large\"><img loading=\"lazy\" decoding=\"async\" width=\"1024\" height=\"492\" src=\"https:\/\/drtcapurimac.gob.pe\/portal\/wp-content\/uploads\/2020\/10\/120220676_2746343005613161_838588302571014914_o-1024x492.jpg\" alt=\"\" class=\"wp-image-1093\" srcset=\"https:\/\/drtcapurimac.gob.pe\/portal\/wp-content\/uploads\/2020\/10\/120220676_2746343005613161_838588302571014914_o-1024x492.jpg 1024w, https:\/\/drtcapurimac.gob.pe\/portal\/wp-content\/uploads\/2020\/10\/120220676_2746343005613161_838588302571014914_o-300x144.jpg 300w, https:\/\/drtcapurimac.gob.pe\/portal\/wp-content\/uploads\/2020\/10\/120220676_2746343005613161_838588302571014914_o-768x369.jpg 768w, https:\/\/drtcapurimac.gob.pe\/portal\/wp-content\/uploads\/2020\/10\/120220676_2746343005613161_838588302571014914_o.jpg 1332w\" sizes=\"auto, (max-width: 1024px) 100vw, 1024px\" \/><\/figure>\n","protected":false},"excerpt":{"rendered":"<p>El Director Regional de Transportes y Comunicaciones de Apur\u00edmac Ing. Nevely Peralta Capcha sostuvo reuni\u00f3n de trabajo con el consejero por la provincia de Grau Wilfredo Pareja para tangibilizar importantes&hellip; <\/p>\n","protected":false},"author":2,"featured_media":1094,"comment_status":"closed","ping_status":"open","sticky":false,"template":"","format":"standard","meta":{"footnotes":""},"categories":[16,6,1],"tags":[],"class_list":["post-1092","post","type-post","status-publish","format-standard","has-post-thumbnail","hentry","category-noticias","category-protocolos","category-sin-categoria"],"_links":{"self":[{"href":"https:\/\/drtcapurimac.gob.pe\/portal\/wp-json\/wp\/v2\/posts\/1092","targetHints":{"allow":["GET"]}}],"collection":[{"href":"https:\/\/drtcapurimac.gob.pe\/portal\/wp-json\/wp\/v2\/posts"}],"about":[{"href":"https:\/\/drtcapurimac.gob.pe\/portal\/wp-json\/wp\/v2\/types\/post"}],"author":[{"embeddable":true,"href":"https:\/\/drtcapurimac.gob.pe\/portal\/wp-json\/wp\/v2\/users\/2"}],"replies":[{"embeddable":true,"href":"https:\/\/drtcapurimac.gob.pe\/portal\/wp-json\/wp\/v2\/comments?post=1092"}],"version-history":[{"count":1,"href":"https:\/\/drtcapurimac.gob.pe\/portal\/wp-json\/wp\/v2\/posts\/1092\/revisions"}],"predecessor-version":[{"id":1095,"href":"https:\/\/drtcapurimac.gob.pe\/portal\/wp-json\/wp\/v2\/posts\/1092\/revisions\/1095"}],"wp:featuredmedia":[{"embeddable":true,"href":"https:\/\/drtcapurimac.gob.pe\/portal\/wp-json\/wp\/v2\/media\/1094"}],"wp:attachment":[{"href":"https:\/\/drtcapurimac.gob.pe\/portal\/wp-json\/wp\/v2\/media?parent=1092"}],"wp:term":[{"taxonomy":"category","embeddable":true,"href":"https:\/\/drtcapurimac.gob.pe\/portal\/wp-json\/wp\/v2\/categories?post=1092"},{"taxonomy":"post_tag","embeddable":true,"href":"https:\/\/drtcapurimac.gob.pe\/portal\/wp-json\/wp\/v2\/tags?post=1092"}],"curies":[{"name":"wp","href":"https:\/\/api.w.org\/{rel}","templated":true}]}}